{"id":150440,"date":"2026-04-30T15:27:09","date_gmt":"2026-04-30T18:27:09","guid":{"rendered":"https:\/\/eldiariodesanpedro.com.ar\/sitio\/?p=150440"},"modified":"2026-04-30T15:27:13","modified_gmt":"2026-04-30T18:27:13","slug":"aprehenden-a-tres-hombres-con-droga-en-distintos-operativos","status":"publish","type":"post","link":"https:\/\/eldiariodesanpedro.com.ar\/sitio\/aprehenden-a-tres-hombres-con-droga-en-distintos-operativos\/","title":{"rendered":"Aprehenden a tres hombres con droga en distintos operativos"},"content":{"rendered":"<!-- VideographyWP Plugin Message: Automatic video embedding prevented by plugin options. -->\n\n<p><strong>Tres personas fueron detenidas en procedimientos policiales tras ser sorprendidas con marihuana en la v\u00eda p\u00fablica.<\/strong><\/p>\n\n\n\n<p>En el marco de tareas preventivas, personal policial llev\u00f3 adelante dos intervenciones que culminaron con la <strong>aprehensi\u00f3n de tres hombres por tenencia de estupefacientes<\/strong>, en distintos puntos de la ciudad.<\/p>\n\n\n\n<p>El primero de los procedimientos se realiz\u00f3 en <strong>calle 60 al 1000<\/strong>, donde efectivos de la <strong>UTOI San Nicol\u00e1s<\/strong> identificaron a un <strong>hombre de 35 a\u00f1os<\/strong> que llevaba consigo un envoltorio de nylon con <strong>64,5 gramos de marihuana<\/strong>.<\/p>\n\n\n\n<p>En un segundo operativo, desarrollado en la intersecci\u00f3n de <strong>calles 35 y Saavedra<\/strong>, personal de la <strong>Estaci\u00f3n de Polic\u00eda Comunal<\/strong>, en conjunto con <strong>UTOI San Nicol\u00e1s<\/strong>, procedi\u00f3 a la aprehensi\u00f3n de <strong>dos hombres de 45 y 21 a\u00f1os<\/strong>, quienes tambi\u00e9n ten\u00edan en su poder un envoltorio con <strong>30,5 gramos de marihuana<\/strong>.<\/p>\n\n\n\n<p>Ambos hechos quedaron bajo intervenci\u00f3n de la <strong>UFI N\u00b0 7<\/strong>, que dispuso el inicio de actuaciones por <strong>infracci\u00f3n a la Ley 23.737<\/strong> y la puesta de los implicados a disposici\u00f3n de la Justicia.<\/p>\n\n\n\n<p>#Policiales #Aprehendidos #Droga #Marihuana #OperativosPoliciales #Seguridad #Ley23737<\/p>\n","protected":false},"excerpt":{"rendered":"<p>Tres personas fueron detenidas en procedimientos policiales tras ser sorprendidas con marihuana en la v\u00eda p\u00fablica. En el marco de tareas preventivas, personal policial llev\u00f3 adelante dos intervenciones que culminaron con la aprehensi\u00f3n de tres hombres por tenencia de estupefacientes, en distintos puntos de la ciudad. El primero de los procedimientos se realiz\u00f3 en calle [&hellip;]<\/p>\n","protected":false},"author":4,"featured_media":150441,"comment_status":"closed","ping_status":"closed","sticky":false,"template":"","format":"standard","meta":{"om_disable_all_campaigns":false,"_jetpack_memberships_contains_paid_content":false,"footnotes":""},"categories":[2,103],"tags":[10589,8916,9811,10590,4026,8206,6838],"class_list":["post-150440","post","type-post","status-publish","format-standard","has-post-thumbnail","hentry","category-locales","category-policiales-locales","tag-aprehendidos-con-droga","tag-intervencion-ufi-7","tag-ley-23737","tag-marihuana-secuestrada","tag-operativos-policiales","tag-tenencia-de-estupefacientes","tag-utoi-san-nicolas"],"aioseo_notices":[],"gutentor_comment":0,"jetpack_featured_media_url":"https:\/\/eldiariodesanpedro.com.ar\/sitio\/wp-content\/uploads\/2026\/04\/droga.jpg","jetpack_shortlink":"https:\/\/wp.me\/p6RhLt-D8s","jetpack_sharing_enabled":true,"_links":{"self":[{"href":"https:\/\/eldiariodesanpedro.com.ar\/sitio\/wp-json\/wp\/v2\/posts\/150440","targetHints":{"allow":["GET"]}}],"collection":[{"href":"https:\/\/eldiariodesanpedro.com.ar\/sitio\/wp-json\/wp\/v2\/posts"}],"about":[{"href":"https:\/\/eldiariodesanpedro.com.ar\/sitio\/wp-json\/wp\/v2\/types\/post"}],"author":[{"embeddable":true,"href":"https:\/\/eldiariodesanpedro.com.ar\/sitio\/wp-json\/wp\/v2\/users\/4"}],"replies":[{"embeddable":true,"href":"https:\/\/eldiariodesanpedro.com.ar\/sitio\/wp-json\/wp\/v2\/comments?post=150440"}],"version-history":[{"count":1,"href":"https:\/\/eldiariodesanpedro.com.ar\/sitio\/wp-json\/wp\/v2\/posts\/150440\/revisions"}],"predecessor-version":[{"id":150442,"href":"https:\/\/eldiariodesanpedro.com.ar\/sitio\/wp-json\/wp\/v2\/posts\/150440\/revisions\/150442"}],"wp:featuredmedia":[{"embeddable":true,"href":"https:\/\/eldiariodesanpedro.com.ar\/sitio\/wp-json\/wp\/v2\/media\/150441"}],"wp:attachment":[{"href":"https:\/\/eldiariodesanpedro.com.ar\/sitio\/wp-json\/wp\/v2\/media?parent=150440"}],"wp:term":[{"taxonomy":"category","embeddable":true,"href":"https:\/\/eldiariodesanpedro.com.ar\/sitio\/wp-json\/wp\/v2\/categories?post=150440"},{"taxonomy":"post_tag","embeddable":true,"href":"https:\/\/eldiariodesanpedro.com.ar\/sitio\/wp-json\/wp\/v2\/tags?post=150440"}],"curies":[{"name":"wp","href":"https:\/\/api.w.org\/{rel}","templated":true}]}}