{"id":150423,"date":"2026-04-30T14:01:36","date_gmt":"2026-04-30T17:01:36","guid":{"rendered":"https:\/\/eldiariodesanpedro.com.ar\/sitio\/?p=150423"},"modified":"2026-04-30T14:01:40","modified_gmt":"2026-04-30T17:01:40","slug":"aprehenden-a-tres-personas-por-disturbios-y-danos-en-una-confrontacion-vecinal","status":"publish","type":"post","link":"https:\/\/eldiariodesanpedro.com.ar\/sitio\/aprehenden-a-tres-personas-por-disturbios-y-danos-en-una-confrontacion-vecinal\/","title":{"rendered":"Aprehenden a tres personas por disturbios y da\u00f1os en una confrontaci\u00f3n vecinal"},"content":{"rendered":"<!-- VideographyWP Plugin Message: Automatic video embedding prevented by plugin options. -->\n\n<p><em>Un conflicto entre vecinos deriv\u00f3 en disturbios en la v\u00eda p\u00fablica, con tres aprehendidos y da\u00f1os materiales en una vivienda y un veh\u00edculo.<\/em><\/p>\n\n\n\n<p>Personal del <strong>Grupo T\u00e1ctico Motorizado (GTM)<\/strong> intervino tras un llamado al <strong>911<\/strong> que alertaba sobre una confrontaci\u00f3n en la zona de <strong>Cruz Roja y Cucit<\/strong>. Al arribar, los efectivos constataron la presencia de <strong>varias personas protagonizando disturbios en la v\u00eda p\u00fablica<\/strong>.<\/p>\n\n\n\n<p>En el lugar fue aprehendido un <strong>hombre de 30 a\u00f1os<\/strong>, se\u00f1alado por <strong>provocar da\u00f1os en el domicilio de una mujer de 48 a\u00f1os<\/strong>. Asimismo, el personal policial logr\u00f3 aprehender a otro <strong>hombre de 46 a\u00f1os y su hijo de 14<\/strong>, quienes, seg\u00fan se inform\u00f3, <strong>habr\u00edan causado la rotura de la luneta de un autom\u00f3vil estacionado<\/strong>, propiedad de un vecino de <strong>47 a\u00f1os<\/strong>.<\/p>\n\n\n\n<p>De acuerdo a fuentes del procedimiento, <strong>exist\u00edan conflictos previos de larga data entre las partes involucradas<\/strong>, lo que habr\u00eda derivado en el episodio.<\/p>\n\n\n\n<p>Intervino la <strong>Fiscal\u00eda del Joven<\/strong>, que dispuso la <strong>notificaci\u00f3n de la causa y posterior libertad de los mayores<\/strong>, mientras que el <strong>menor fue restituido a su progenitora<\/strong>.<\/p>\n\n\n\n<p>#Policiales #Disturbios #Aprehendidos #ConflictoVecinal #Da\u00f1os #GTM #911 #Seguridad #FiscaliaDelJoven<\/p>\n\n\n\n<div class=\"wp-block-jetpack-slideshow aligncenter\" data-effect=\"slide\" style=\"--aspect-ratio:calc(473 \/ 630)\"><div class=\"wp-block-jetpack-slideshow_container swiper\"><ul class=\"wp-block-jetpack-slideshow_swiper-wrapper swiper-wrapper\"><li class=\"wp-block-jetpack-slideshow_slide swiper-slide\"><figure><img decoding=\"async\" width=\"473\" height=\"630\" alt=\"\" class=\"wp-block-jetpack-slideshow_image wp-image-150426 lazyload\" data-id=\"150426\" data-aspect-ratio=\"473 \/ 630\" data-src=\"https:\/\/eldiariodesanpedro.com.ar\/sitio\/wp-content\/uploads\/2026\/04\/5-6.jpg\" data-srcset=\"https:\/\/eldiariodesanpedro.com.ar\/sitio\/wp-content\/uploads\/2026\/04\/5-6.jpg 473w, https:\/\/eldiariodesanpedro.com.ar\/sitio\/wp-content\/uploads\/2026\/04\/5-6-225x300.jpg 225w\" data-sizes=\"(max-width: 473px) 100vw, 473px\" src=\"data:image\/svg+xml;base64,PHN2ZyB3aWR0aD0iMSIgaGVpZ2h0PSIxIiB4bWxucz0iaHR0cDovL3d3dy53My5vcmcvMjAwMC9zdmciPjwvc3ZnPg==\" style=\"--smush-placeholder-width: 473px; --smush-placeholder-aspect-ratio: 473\/630;\" \/><\/figure><\/li><li class=\"wp-block-jetpack-slideshow_slide swiper-slide\"><figure><img decoding=\"async\" width=\"473\" height=\"630\" alt=\"\" class=\"wp-block-jetpack-slideshow_image wp-image-150425 lazyload\" data-id=\"150425\" data-aspect-ratio=\"473 \/ 630\" data-src=\"https:\/\/eldiariodesanpedro.com.ar\/sitio\/wp-content\/uploads\/2026\/04\/6-6.jpg\" data-srcset=\"https:\/\/eldiariodesanpedro.com.ar\/sitio\/wp-content\/uploads\/2026\/04\/6-6.jpg 473w, https:\/\/eldiariodesanpedro.com.ar\/sitio\/wp-content\/uploads\/2026\/04\/6-6-225x300.jpg 225w\" data-sizes=\"(max-width: 473px) 100vw, 473px\" src=\"data:image\/svg+xml;base64,PHN2ZyB3aWR0aD0iMSIgaGVpZ2h0PSIxIiB4bWxucz0iaHR0cDovL3d3dy53My5vcmcvMjAwMC9zdmciPjwvc3ZnPg==\" style=\"--smush-placeholder-width: 473px; --smush-placeholder-aspect-ratio: 473\/630;\" \/><\/figure><\/li><\/ul><a class=\"wp-block-jetpack-slideshow_button-prev swiper-button-prev swiper-button-white\" role=\"button\"><\/a><a class=\"wp-block-jetpack-slideshow_button-next swiper-button-next swiper-button-white\" role=\"button\"><\/a><a aria-label=\"Pause Slideshow\" class=\"wp-block-jetpack-slideshow_button-pause\" role=\"button\"><\/a><div class=\"wp-block-jetpack-slideshow_pagination swiper-pagination swiper-pagination-white\"><\/div><\/div><\/div>\n","protected":false},"excerpt":{"rendered":"<p>Un conflicto entre vecinos deriv\u00f3 en disturbios en la v\u00eda p\u00fablica, con tres aprehendidos y da\u00f1os materiales en una vivienda y un veh\u00edculo. Personal del Grupo T\u00e1ctico Motorizado (GTM) intervino tras un llamado al 911 que alertaba sobre una confrontaci\u00f3n en la zona de Cruz Roja y Cucit. Al arribar, los efectivos constataron la presencia [&hellip;]<\/p>\n","protected":false},"author":4,"featured_media":150424,"comment_status":"closed","ping_status":"closed","sticky":false,"template":"","format":"standard","meta":{"om_disable_all_campaigns":false,"_jetpack_memberships_contains_paid_content":false,"footnotes":""},"categories":[2,103],"tags":[10584,10585,10587,8690,7493,10583,10586,10588],"class_list":["post-150423","post","type-post","status-publish","format-standard","has-post-thumbnail","hentry","category-locales","category-policiales-locales","tag-aprehendidos-por-danos","tag-conflicto-entre-vecinos","tag-danos-a-vivienda","tag-disturbios-vecinales","tag-fiscalia-del-joven","tag-intervencion-policial-gtm","tag-rotura-de-vehiculo","tag-violencia-en-via-publica"],"aioseo_notices":[],"gutentor_comment":0,"jetpack_featured_media_url":"https:\/\/eldiariodesanpedro.com.ar\/sitio\/wp-content\/uploads\/2026\/04\/confrontacion-vecinal.jpg","jetpack_shortlink":"https:\/\/wp.me\/p6RhLt-D8b","jetpack_sharing_enabled":true,"_links":{"self":[{"href":"https:\/\/eldiariodesanpedro.com.ar\/sitio\/wp-json\/wp\/v2\/posts\/150423","targetHints":{"allow":["GET"]}}],"collection":[{"href":"https:\/\/eldiariodesanpedro.com.ar\/sitio\/wp-json\/wp\/v2\/posts"}],"about":[{"href":"https:\/\/eldiariodesanpedro.com.ar\/sitio\/wp-json\/wp\/v2\/types\/post"}],"author":[{"embeddable":true,"href":"https:\/\/eldiariodesanpedro.com.ar\/sitio\/wp-json\/wp\/v2\/users\/4"}],"replies":[{"embeddable":true,"href":"https:\/\/eldiariodesanpedro.com.ar\/sitio\/wp-json\/wp\/v2\/comments?post=150423"}],"version-history":[{"count":1,"href":"https:\/\/eldiariodesanpedro.com.ar\/sitio\/wp-json\/wp\/v2\/posts\/150423\/revisions"}],"predecessor-version":[{"id":150427,"href":"https:\/\/eldiariodesanpedro.com.ar\/sitio\/wp-json\/wp\/v2\/posts\/150423\/revisions\/150427"}],"wp:featuredmedia":[{"embeddable":true,"href":"https:\/\/eldiariodesanpedro.com.ar\/sitio\/wp-json\/wp\/v2\/media\/150424"}],"wp:attachment":[{"href":"https:\/\/eldiariodesanpedro.com.ar\/sitio\/wp-json\/wp\/v2\/media?parent=150423"}],"wp:term":[{"taxonomy":"category","embeddable":true,"href":"https:\/\/eldiariodesanpedro.com.ar\/sitio\/wp-json\/wp\/v2\/categories?post=150423"},{"taxonomy":"post_tag","embeddable":true,"href":"https:\/\/eldiariodesanpedro.com.ar\/sitio\/wp-json\/wp\/v2\/tags?post=150423"}],"curies":[{"name":"wp","href":"https:\/\/api.w.org\/{rel}","templated":true}]}}