{"id":150415,"date":"2026-04-30T13:44:11","date_gmt":"2026-04-30T16:44:11","guid":{"rendered":"https:\/\/eldiariodesanpedro.com.ar\/sitio\/?p=150415"},"modified":"2026-04-30T13:46:20","modified_gmt":"2026-04-30T16:46:20","slug":"allanamiento-por-abuso-de-armas-secuestran-un-arma-y-drogas-y-aprehenden-a-un-hombre-de-64-anos","status":"publish","type":"post","link":"https:\/\/eldiariodesanpedro.com.ar\/sitio\/allanamiento-por-abuso-de-armas-secuestran-un-arma-y-drogas-y-aprehenden-a-un-hombre-de-64-anos\/","title":{"rendered":"Allanamiento por abuso de armas: secuestran un arma y drogas y aprehenden a un hombre de 64 a\u00f1os"},"content":{"rendered":"<!-- VideographyWP Plugin Message: Automatic video embedding prevented by plugin options. -->\n\n<p><em>Un procedimiento judicial permiti\u00f3 incautar un arma de fuego y estupefacientes. El sospechoso fue aprehendido y luego liberado por disposici\u00f3n fiscal.<\/em><\/p>\n\n\n\n<p>En el marco de una investigaci\u00f3n por <strong>abuso de armas<\/strong>, personal del <strong>Gabinete Criminol\u00f3gico<\/strong>, en conjunto con la <strong>DDI San Pedro<\/strong>, logr\u00f3 establecer la autor\u00eda del hecho y avanzar con medidas judiciales ordenadas por el <strong>Juzgado de Garant\u00edas de San Nicol\u00e1s<\/strong>.<\/p>\n\n\n\n<p>Como parte de la diligencia, se realizaron allanamientos en distintos domicilios. Uno de ellos, ubicado en <strong>Dos de Abril, en un pasillo interno<\/strong>, arroj\u00f3 resultado negativo. Sin embargo, en una vivienda de <strong>Javier Rivero al 1800<\/strong>, los efectivos lograron el <strong>secuestro de una pistola semiautom\u00e1tica calibre .22<\/strong>, con <strong>un cartucho intacto del mismo calibre<\/strong>.<\/p>\n\n\n\n<p>Durante el operativo tambi\u00e9n se incautaron <strong>estupefacientes<\/strong>, entre ellos <strong>un envoltorio de coca\u00edna con un peso de 0,3 gramos<\/strong> y <strong>marihuana con un pesaje de 1,5 gramos<\/strong>.<\/p>\n\n\n\n<p>En el lugar se procedi\u00f3 a la <strong>aprehensi\u00f3n de un hombre de 64 a\u00f1os<\/strong>, quien qued\u00f3 a disposici\u00f3n de la <strong>fiscal\u00eda local<\/strong>. Posteriormente, la autoridad judicial dispuso su <strong>notificaci\u00f3n de la causa y posterior libertad<\/strong>, adem\u00e1s del secuestro de los elementos hallados.<\/p>\n\n\n\n<p>La causa fue caratulada como <strong>tenencia ilegal de arma de fuego de uso civil<\/strong> e <strong>infracci\u00f3n a la Ley 23.737 por tenencia de estupefacientes<\/strong>.<\/p>\n\n\n\n<p>#Allanamiento #Policiales #ArmaDeFuego #Droga #Ley23737 #DDI #Investigacion #Seguridad<\/p>\n\n\n\n<div class=\"wp-block-jetpack-slideshow aligncenter\" data-effect=\"slide\" style=\"--aspect-ratio:calc(724 \/ 504)\"><div class=\"wp-block-jetpack-slideshow_container swiper\"><ul class=\"wp-block-jetpack-slideshow_swiper-wrapper swiper-wrapper\"><li class=\"wp-block-jetpack-slideshow_slide swiper-slide\"><figure><img decoding=\"async\" width=\"724\" height=\"504\" alt=\"\" class=\"wp-block-jetpack-slideshow_image wp-image-150418 lazyload\" data-id=\"150418\" data-aspect-ratio=\"724 \/ 504\" data-src=\"https:\/\/eldiariodesanpedro.com.ar\/sitio\/wp-content\/uploads\/2026\/04\/1-9.jpg\" data-srcset=\"https:\/\/eldiariodesanpedro.com.ar\/sitio\/wp-content\/uploads\/2026\/04\/1-9.jpg 724w, https:\/\/eldiariodesanpedro.com.ar\/sitio\/wp-content\/uploads\/2026\/04\/1-9-300x209.jpg 300w\" data-sizes=\"(max-width: 724px) 100vw, 724px\" src=\"data:image\/svg+xml;base64,PHN2ZyB3aWR0aD0iMSIgaGVpZ2h0PSIxIiB4bWxucz0iaHR0cDovL3d3dy53My5vcmcvMjAwMC9zdmciPjwvc3ZnPg==\" style=\"--smush-placeholder-width: 724px; --smush-placeholder-aspect-ratio: 724\/504;\" \/><\/figure><\/li><li class=\"wp-block-jetpack-slideshow_slide swiper-slide\"><figure><img decoding=\"async\" width=\"899\" height=\"473\" alt=\"\" class=\"wp-block-jetpack-slideshow_image wp-image-150419 lazyload\" data-id=\"150419\" data-aspect-ratio=\"899 \/ 473\" data-src=\"https:\/\/eldiariodesanpedro.com.ar\/sitio\/wp-content\/uploads\/2026\/04\/2-8.jpg\" data-srcset=\"https:\/\/eldiariodesanpedro.com.ar\/sitio\/wp-content\/uploads\/2026\/04\/2-8.jpg 899w, https:\/\/eldiariodesanpedro.com.ar\/sitio\/wp-content\/uploads\/2026\/04\/2-8-300x158.jpg 300w, https:\/\/eldiariodesanpedro.com.ar\/sitio\/wp-content\/uploads\/2026\/04\/2-8-768x404.jpg 768w\" data-sizes=\"(max-width: 899px) 100vw, 899px\" src=\"data:image\/svg+xml;base64,PHN2ZyB3aWR0aD0iMSIgaGVpZ2h0PSIxIiB4bWxucz0iaHR0cDovL3d3dy53My5vcmcvMjAwMC9zdmciPjwvc3ZnPg==\" style=\"--smush-placeholder-width: 899px; --smush-placeholder-aspect-ratio: 899\/473;\" \/><\/figure><\/li><li class=\"wp-block-jetpack-slideshow_slide swiper-slide\"><figure><img decoding=\"async\" width=\"870\" height=\"324\" alt=\"\" class=\"wp-block-jetpack-slideshow_image wp-image-150421 lazyload\" data-id=\"150421\" data-aspect-ratio=\"870 \/ 324\" data-src=\"https:\/\/eldiariodesanpedro.com.ar\/sitio\/wp-content\/uploads\/2026\/04\/3-9.jpg\" data-srcset=\"https:\/\/eldiariodesanpedro.com.ar\/sitio\/wp-content\/uploads\/2026\/04\/3-9.jpg 870w, https:\/\/eldiariodesanpedro.com.ar\/sitio\/wp-content\/uploads\/2026\/04\/3-9-300x112.jpg 300w, https:\/\/eldiariodesanpedro.com.ar\/sitio\/wp-content\/uploads\/2026\/04\/3-9-768x286.jpg 768w\" data-sizes=\"(max-width: 870px) 100vw, 870px\" src=\"data:image\/svg+xml;base64,PHN2ZyB3aWR0aD0iMSIgaGVpZ2h0PSIxIiB4bWxucz0iaHR0cDovL3d3dy53My5vcmcvMjAwMC9zdmciPjwvc3ZnPg==\" style=\"--smush-placeholder-width: 870px; --smush-placeholder-aspect-ratio: 870\/324;\" \/><\/figure><\/li><li class=\"wp-block-jetpack-slideshow_slide swiper-slide\"><figure><img decoding=\"async\" width=\"549\" height=\"606\" alt=\"\" class=\"wp-block-jetpack-slideshow_image wp-image-150420 lazyload\" data-id=\"150420\" data-aspect-ratio=\"549 \/ 606\" data-src=\"https:\/\/eldiariodesanpedro.com.ar\/sitio\/wp-content\/uploads\/2026\/04\/4-6.jpg\" data-srcset=\"https:\/\/eldiariodesanpedro.com.ar\/sitio\/wp-content\/uploads\/2026\/04\/4-6.jpg 549w, https:\/\/eldiariodesanpedro.com.ar\/sitio\/wp-content\/uploads\/2026\/04\/4-6-272x300.jpg 272w\" data-sizes=\"(max-width: 549px) 100vw, 549px\" src=\"data:image\/svg+xml;base64,PHN2ZyB3aWR0aD0iMSIgaGVpZ2h0PSIxIiB4bWxucz0iaHR0cDovL3d3dy53My5vcmcvMjAwMC9zdmciPjwvc3ZnPg==\" style=\"--smush-placeholder-width: 549px; --smush-placeholder-aspect-ratio: 549\/606;\" \/><\/figure><\/li><\/ul><a class=\"wp-block-jetpack-slideshow_button-prev swiper-button-prev swiper-button-white\" role=\"button\"><\/a><a class=\"wp-block-jetpack-slideshow_button-next swiper-button-next swiper-button-white\" role=\"button\"><\/a><a aria-label=\"Pause Slideshow\" class=\"wp-block-jetpack-slideshow_button-pause\" role=\"button\"><\/a><div class=\"wp-block-jetpack-slideshow_pagination swiper-pagination swiper-pagination-white\"><\/div><\/div><\/div>\n","protected":false},"excerpt":{"rendered":"<p>Un procedimiento judicial permiti\u00f3 incautar un arma de fuego y estupefacientes. El sospechoso fue aprehendido y luego liberado por disposici\u00f3n fiscal. En el marco de una investigaci\u00f3n por abuso de armas, personal del Gabinete Criminol\u00f3gico, en conjunto con la DDI San Pedro, logr\u00f3 establecer la autor\u00eda del hecho y avanzar con medidas judiciales ordenadas por [&hellip;]<\/p>\n","protected":false},"author":4,"featured_media":150416,"comment_status":"closed","ping_status":"closed","sticky":false,"template":"","format":"standard","meta":{"om_disable_all_campaigns":false,"_jetpack_memberships_contains_paid_content":false,"footnotes":""},"categories":[2,103],"tags":[10579,10580,10582,10581,5194,10578,10128],"class_list":["post-150415","post","type-post","status-publish","format-standard","has-post-thumbnail","hentry","category-locales","category-policiales-locales","tag-allanamiento-abuso-de-armas","tag-aprehendido-64-anos","tag-ddi-san-pedro","tag-drogas-incautadas-cocaina-marihuana","tag-juzgado-de-garantias-san-nicolas","tag-secuestro-arma-calibre-22","tag-tenencia-ilegal-arma-de-fuego"],"aioseo_notices":[],"gutentor_comment":0,"jetpack_featured_media_url":"https:\/\/eldiariodesanpedro.com.ar\/sitio\/wp-content\/uploads\/2026\/04\/allanamiento.png","jetpack_shortlink":"https:\/\/wp.me\/p6RhLt-D83","jetpack_sharing_enabled":true,"_links":{"self":[{"href":"https:\/\/eldiariodesanpedro.com.ar\/sitio\/wp-json\/wp\/v2\/posts\/150415","targetHints":{"allow":["GET"]}}],"collection":[{"href":"https:\/\/eldiariodesanpedro.com.ar\/sitio\/wp-json\/wp\/v2\/posts"}],"about":[{"href":"https:\/\/eldiariodesanpedro.com.ar\/sitio\/wp-json\/wp\/v2\/types\/post"}],"author":[{"embeddable":true,"href":"https:\/\/eldiariodesanpedro.com.ar\/sitio\/wp-json\/wp\/v2\/users\/4"}],"replies":[{"embeddable":true,"href":"https:\/\/eldiariodesanpedro.com.ar\/sitio\/wp-json\/wp\/v2\/comments?post=150415"}],"version-history":[{"count":2,"href":"https:\/\/eldiariodesanpedro.com.ar\/sitio\/wp-json\/wp\/v2\/posts\/150415\/revisions"}],"predecessor-version":[{"id":150422,"href":"https:\/\/eldiariodesanpedro.com.ar\/sitio\/wp-json\/wp\/v2\/posts\/150415\/revisions\/150422"}],"wp:featuredmedia":[{"embeddable":true,"href":"https:\/\/eldiariodesanpedro.com.ar\/sitio\/wp-json\/wp\/v2\/media\/150416"}],"wp:attachment":[{"href":"https:\/\/eldiariodesanpedro.com.ar\/sitio\/wp-json\/wp\/v2\/media?parent=150415"}],"wp:term":[{"taxonomy":"category","embeddable":true,"href":"https:\/\/eldiariodesanpedro.com.ar\/sitio\/wp-json\/wp\/v2\/categories?post=150415"},{"taxonomy":"post_tag","embeddable":true,"href":"https:\/\/eldiariodesanpedro.com.ar\/sitio\/wp-json\/wp\/v2\/tags?post=150415"}],"curies":[{"name":"wp","href":"https:\/\/api.w.org\/{rel}","templated":true}]}}