{"id":150411,"date":"2026-04-30T11:12:32","date_gmt":"2026-04-30T14:12:32","guid":{"rendered":"https:\/\/eldiariodesanpedro.com.ar\/sitio\/?p=150411"},"modified":"2026-04-30T11:16:30","modified_gmt":"2026-04-30T14:16:30","slug":"los-naranjos-ofrece-equipos-de-prevencion-y-asesoramiento-ante-el-aumento-de-consumos-problematicos","status":"publish","type":"post","link":"https:\/\/eldiariodesanpedro.com.ar\/sitio\/los-naranjos-ofrece-equipos-de-prevencion-y-asesoramiento-ante-el-aumento-de-consumos-problematicos\/","title":{"rendered":"Los Naranjos ofrece equipos de prevenci\u00f3n y asesoramiento ante el aumento de consumos problem\u00e1ticos"},"content":{"rendered":"<!-- VideographyWP Plugin Message: Automatic video embedding prevented by plugin options. -->\n\n<p><em>La entidad puso a disposici\u00f3n sus equipos para acompa\u00f1ar a instituciones y organizaciones frente al crecimiento de consultas por drogadependencia.<\/em><\/p>\n\n\n\n<p>La <strong>Asociaci\u00f3n Los Naranjos<\/strong>, dedicada al abordaje de consumos problem\u00e1ticos en el norte bonaerense, inform\u00f3 que dispone de sus <strong>equipos de prevenci\u00f3n y orientaci\u00f3n<\/strong> para trabajar junto a <strong>organizaciones civiles, instituciones religiosas y agrupaciones comunitarias<\/strong>, ante el <strong>incremento de consultas vinculadas a la drogadependencia<\/strong>.<\/p>\n\n\n\n<p>Seg\u00fan comunic\u00f3 la entidad, la iniciativa responde a una <strong>demanda sostenida de asesoramiento<\/strong>, tanto por parte de <strong>personas con consumo de sustancias<\/strong> como de sus <strong>familias<\/strong>, que buscan herramientas para afrontar la problem\u00e1tica. En este contexto, se propone la generaci\u00f3n de <strong>espacios presenciales de encuentro y debate<\/strong>, enfocados en analizar las condiciones actuales del consumo en la sociedad.<\/p>\n\n\n\n<p>El objetivo es consolidar un <strong>trabajo articulado con instituciones de distintos \u00e1mbitos<\/strong>, facilitando el acceso a <strong>informaci\u00f3n t\u00e9cnica y recursos especializados<\/strong>. En ese marco, desde la organizaci\u00f3n remarcaron el papel de los <strong>grupos familiares<\/strong> como actores clave para la <strong>detecci\u00f3n temprana y el acompa\u00f1amiento en los procesos de recuperaci\u00f3n<\/strong>.<\/p>\n\n\n\n<p>La asociaci\u00f3n, con sede en <strong>General Juan Mart\u00edn de Pueyrred\u00f3n 1634<\/strong>, destac\u00f3 adem\u00e1s la necesidad de <strong>adaptar las estrategias de intervenci\u00f3n a los nuevos escenarios sociales<\/strong>. Para aquellas instituciones interesadas en implementar estos espacios, se encuentra disponible el contacto telef\u00f3nico <strong>3329-383800<\/strong> y sus canales digitales oficiales.<\/p>\n\n\n\n<p>#LosNaranjos #ConsumosProblematicos #Prevencion #Drogadependencia #SaludMental #Comunidad #Asesoramiento #Instituciones #Familia<\/p>\n","protected":false},"excerpt":{"rendered":"<p>La entidad puso a disposici\u00f3n sus equipos para acompa\u00f1ar a instituciones y organizaciones frente al crecimiento de consultas por drogadependencia. La Asociaci\u00f3n Los Naranjos, dedicada al abordaje de consumos problem\u00e1ticos en el norte bonaerense, inform\u00f3 que dispone de sus equipos de prevenci\u00f3n y orientaci\u00f3n para trabajar junto a organizaciones civiles, instituciones religiosas y agrupaciones comunitarias, [&hellip;]<\/p>\n","protected":false},"author":4,"featured_media":150412,"comment_status":"closed","ping_status":"closed","sticky":false,"template":"","format":"standard","meta":{"om_disable_all_campaigns":false,"_jetpack_memberships_contains_paid_content":false,"footnotes":""},"categories":[101,2],"tags":[10566,10567,10565,10568,10570,10564,10569],"class_list":["post-150411","post","type-post","status-publish","format-standard","has-post-thumbnail","hentry","category-interes-general-locales","category-locales","tag-apoyo-familiar-adicciones","tag-asesoramiento-drogadependencia","tag-consumos-problematicos-norte-bonaerense","tag-espacios-de-debate-consumo-drogas","tag-instituciones-y-consumo-problematico","tag-los-naranjos-prevencion","tag-prevencion-adicciones"],"aioseo_notices":[],"gutentor_comment":0,"jetpack_featured_media_url":"https:\/\/eldiariodesanpedro.com.ar\/sitio\/wp-content\/uploads\/2026\/04\/consumos-problematicos.jpg","jetpack_shortlink":"https:\/\/wp.me\/p6RhLt-D7Z","jetpack_sharing_enabled":true,"_links":{"self":[{"href":"https:\/\/eldiariodesanpedro.com.ar\/sitio\/wp-json\/wp\/v2\/posts\/150411","targetHints":{"allow":["GET"]}}],"collection":[{"href":"https:\/\/eldiariodesanpedro.com.ar\/sitio\/wp-json\/wp\/v2\/posts"}],"about":[{"href":"https:\/\/eldiariodesanpedro.com.ar\/sitio\/wp-json\/wp\/v2\/types\/post"}],"author":[{"embeddable":true,"href":"https:\/\/eldiariodesanpedro.com.ar\/sitio\/wp-json\/wp\/v2\/users\/4"}],"replies":[{"embeddable":true,"href":"https:\/\/eldiariodesanpedro.com.ar\/sitio\/wp-json\/wp\/v2\/comments?post=150411"}],"version-history":[{"count":1,"href":"https:\/\/eldiariodesanpedro.com.ar\/sitio\/wp-json\/wp\/v2\/posts\/150411\/revisions"}],"predecessor-version":[{"id":150413,"href":"https:\/\/eldiariodesanpedro.com.ar\/sitio\/wp-json\/wp\/v2\/posts\/150411\/revisions\/150413"}],"wp:featuredmedia":[{"embeddable":true,"href":"https:\/\/eldiariodesanpedro.com.ar\/sitio\/wp-json\/wp\/v2\/media\/150412"}],"wp:attachment":[{"href":"https:\/\/eldiariodesanpedro.com.ar\/sitio\/wp-json\/wp\/v2\/media?parent=150411"}],"wp:term":[{"taxonomy":"category","embeddable":true,"href":"https:\/\/eldiariodesanpedro.com.ar\/sitio\/wp-json\/wp\/v2\/categories?post=150411"},{"taxonomy":"post_tag","embeddable":true,"href":"https:\/\/eldiariodesanpedro.com.ar\/sitio\/wp-json\/wp\/v2\/tags?post=150411"}],"curies":[{"name":"wp","href":"https:\/\/api.w.org\/{rel}","templated":true}]}}