{"id":150408,"date":"2026-04-30T10:58:40","date_gmt":"2026-04-30T13:58:40","guid":{"rendered":"https:\/\/eldiariodesanpedro.com.ar\/sitio\/?p=150408"},"modified":"2026-04-30T11:47:18","modified_gmt":"2026-04-30T14:47:18","slug":"capacitacion-vial-para-estudiantes-sobre-licencias-de-conducir","status":"publish","type":"post","link":"https:\/\/eldiariodesanpedro.com.ar\/sitio\/capacitacion-vial-para-estudiantes-sobre-licencias-de-conducir\/","title":{"rendered":"Capacitaci\u00f3n vial para estudiantes sobre licencias de conducir"},"content":{"rendered":"<!-- VideographyWP Plugin Message: Automatic video embedding prevented by plugin options. -->\n\n<p><em>Alumnos de nivel secundario participaron de una jornada informativa sobre tr\u00e1mites, requisitos y seguridad vial, con foco en el acceso al primer registro.<\/em><\/p>\n\n\n\n<p>Estudiantes de la <strong>Escuela Secundaria N\u00b0 16<\/strong>, ubicada en el barrio <strong>Los Cazadores (La Tosquera)<\/strong>, participaron de una capacitaci\u00f3n organizada por la <strong>Oficina de Licencias de Conducir de la Municipalidad<\/strong>, orientada a brindar herramientas para la obtenci\u00f3n del primer registro y fortalecer la seguridad vial.<\/p>\n\n\n\n<p>La actividad estuvo dirigida a alumnos de <strong>4\u00b0, 5\u00b0 y 6\u00b0 a\u00f1o<\/strong>, quienes recibieron asesoramiento por parte de <strong>agentes municipales especializados<\/strong>, con el acompa\u00f1amiento del delegado local, <strong>Carlos Garc\u00eda<\/strong>. Durante la jornada, se explicaron los <strong>requisitos legales y el procedimiento administrativo<\/strong> necesarios para acceder a la licencia de conducir.<\/p>\n\n\n\n<p>Uno de los puntos destacados fue la implementaci\u00f3n de un sistema de <strong>capacitaciones virtuales<\/strong>, que permite a los aspirantes completar las instancias te\u00f3ricas y pr\u00e1cticas sin necesidad de trasladarse a la sede central ubicada en <strong>calle Mitre al 1900<\/strong>. Esta modalidad busca facilitar el acceso a la formaci\u00f3n vial y descentralizar los tr\u00e1mites.<\/p>\n\n\n\n<p>Adem\u00e1s, se hizo hincapi\u00e9 en la <strong>obligatoriedad del uso del casco en motoveh\u00edculos<\/strong>, subrayando su rol clave en la <strong>prevenci\u00f3n de lesiones graves y la preservaci\u00f3n de la vida<\/strong> ante eventuales siniestros viales.<\/p>\n\n\n\n<p>#Capacitaci\u00f3nVial #LicenciaDeConducir #SeguridadVial #Educaci\u00f3n #J\u00f3venes #Tr\u00e1nsito #Prevenci\u00f3n #Motociclistas<\/p>\n","protected":false},"excerpt":{"rendered":"<p>Alumnos de nivel secundario participaron de una jornada informativa sobre tr\u00e1mites, requisitos y seguridad vial, con foco en el acceso al primer registro. Estudiantes de la Escuela Secundaria N\u00b0 16, ubicada en el barrio Los Cazadores (La Tosquera), participaron de una capacitaci\u00f3n organizada por la Oficina de Licencias de Conducir de la Municipalidad, orientada a [&hellip;]<\/p>\n","protected":false},"author":4,"featured_media":150409,"comment_status":"closed","ping_status":"closed","sticky":false,"template":"","format":"standard","meta":{"om_disable_all_campaigns":false,"_jetpack_memberships_contains_paid_content":false,"footnotes":""},"categories":[101,2],"tags":[10571,10574,10577,10572,10573,10576,10575],"class_list":["post-150408","post","type-post","status-publish","format-standard","has-post-thumbnail","hentry","category-interes-general-locales","category-locales","tag-capacitacion-vial-estudiantes","tag-charlas-transito-secundaria","tag-educacion-vial-escuelas","tag-licencia-de-conducir-requisitos","tag-seguridad-vial-jovenes","tag-tramites-licencia-conducir","tag-uso-del-casco-obligatorio"],"aioseo_notices":[],"gutentor_comment":0,"jetpack_featured_media_url":"https:\/\/eldiariodesanpedro.com.ar\/sitio\/wp-content\/uploads\/2026\/04\/licencias-de-conducir.jpg","jetpack_shortlink":"https:\/\/wp.me\/p6RhLt-D7W","jetpack_sharing_enabled":true,"_links":{"self":[{"href":"https:\/\/eldiariodesanpedro.com.ar\/sitio\/wp-json\/wp\/v2\/posts\/150408","targetHints":{"allow":["GET"]}}],"collection":[{"href":"https:\/\/eldiariodesanpedro.com.ar\/sitio\/wp-json\/wp\/v2\/posts"}],"about":[{"href":"https:\/\/eldiariodesanpedro.com.ar\/sitio\/wp-json\/wp\/v2\/types\/post"}],"author":[{"embeddable":true,"href":"https:\/\/eldiariodesanpedro.com.ar\/sitio\/wp-json\/wp\/v2\/users\/4"}],"replies":[{"embeddable":true,"href":"https:\/\/eldiariodesanpedro.com.ar\/sitio\/wp-json\/wp\/v2\/comments?post=150408"}],"version-history":[{"count":1,"href":"https:\/\/eldiariodesanpedro.com.ar\/sitio\/wp-json\/wp\/v2\/posts\/150408\/revisions"}],"predecessor-version":[{"id":150410,"href":"https:\/\/eldiariodesanpedro.com.ar\/sitio\/wp-json\/wp\/v2\/posts\/150408\/revisions\/150410"}],"wp:featuredmedia":[{"embeddable":true,"href":"https:\/\/eldiariodesanpedro.com.ar\/sitio\/wp-json\/wp\/v2\/media\/150409"}],"wp:attachment":[{"href":"https:\/\/eldiariodesanpedro.com.ar\/sitio\/wp-json\/wp\/v2\/media?parent=150408"}],"wp:term":[{"taxonomy":"category","embeddable":true,"href":"https:\/\/eldiariodesanpedro.com.ar\/sitio\/wp-json\/wp\/v2\/categories?post=150408"},{"taxonomy":"post_tag","embeddable":true,"href":"https:\/\/eldiariodesanpedro.com.ar\/sitio\/wp-json\/wp\/v2\/tags?post=150408"}],"curies":[{"name":"wp","href":"https:\/\/api.w.org\/{rel}","templated":true}]}}