{"id":150405,"date":"2026-04-30T09:59:56","date_gmt":"2026-04-30T12:59:56","guid":{"rendered":"https:\/\/eldiariodesanpedro.com.ar\/sitio\/?p=150405"},"modified":"2026-04-30T10:20:01","modified_gmt":"2026-04-30T13:20:01","slug":"fallecio-rosa-balbuena-de-87-anos","status":"publish","type":"post","link":"https:\/\/eldiariodesanpedro.com.ar\/sitio\/fallecio-rosa-balbuena-de-87-anos\/","title":{"rendered":"Falleci\u00f3 Rosa Balbuena, de 87 a\u00f1os"},"content":{"rendered":"<!-- VideographyWP Plugin Message: Automatic video embedding prevented by plugin options. -->\n\n<p>Falleci\u00f3 Rosa Balbuena a los 87 a\u00f1os. Sus restos son velados en sala 3 y el servicio se extender\u00e1 hasta este 30 de abril a las 15:00.<\/p>\n\n\n\n<p>Este <strong>30 de abril de 2026<\/strong>, se conoci\u00f3 el fallecimiento de <strong>Rosa Balbuena<\/strong>, quien ten\u00eda <strong>87 a\u00f1os<\/strong>. Sus restos son velados en la <strong>sala N\u00b0 3<\/strong>, en las instalaciones ubicadas en <strong>3 de Febrero 1475<\/strong>.<\/p>\n\n\n\n<p>El servicio de despedida se desarrollar\u00e1 <strong>hasta las 15:00 horas<\/strong>, momento en el que finalizar\u00e1n las exequias. La prestaci\u00f3n est\u00e1 a cargo de <strong>Coopser Servicios Sociales<\/strong>.<\/p>\n\n\n\n<p>Familiares, amigos y allegados acompa\u00f1an en estas horas el \u00faltimo adi\u00f3s.<\/p>\n\n\n\n<p>#Necrol\u00f3gicas #Fallecimiento #ServiciosSociales #Coopser #RosaBalbuena<\/p>\n","protected":false},"excerpt":{"rendered":"<p>Falleci\u00f3 Rosa Balbuena a los 87 a\u00f1os. Sus restos son velados en sala 3 y el servicio se extender\u00e1 hasta este 30 de abril a las 15:00. Este 30 de abril de 2026, se conoci\u00f3 el fallecimiento de Rosa Balbuena, quien ten\u00eda 87 a\u00f1os. Sus restos son velados en la sala N\u00b0 3, en las [&hellip;]<\/p>\n","protected":false},"author":4,"featured_media":113757,"comment_status":"closed","ping_status":"closed","sticky":false,"template":"","format":"standard","meta":{"om_disable_all_campaigns":false,"_jetpack_memberships_contains_paid_content":false,"footnotes":""},"categories":[8424],"tags":[8315,8429,5113,7895,10562,7398,10563],"class_list":["post-150405","post","type-post","status-publish","format-standard","has-post-thumbnail","hentry","category-necrologicas","tag-3-de-febrero-1475","tag-avisos-funebres","tag-coopser-servicios-sociales","tag-necrologica","tag-rosa-balbuena-fallecimiento","tag-sala-velatoria-3","tag-servicio-velatorio-30-de-abril-2026"],"aioseo_notices":[],"gutentor_comment":0,"jetpack_featured_media_url":"https:\/\/eldiariodesanpedro.com.ar\/sitio\/wp-content\/uploads\/2023\/01\/necrologicas.jpg","jetpack_shortlink":"https:\/\/wp.me\/p6RhLt-D7T","jetpack_sharing_enabled":true,"_links":{"self":[{"href":"https:\/\/eldiariodesanpedro.com.ar\/sitio\/wp-json\/wp\/v2\/posts\/150405","targetHints":{"allow":["GET"]}}],"collection":[{"href":"https:\/\/eldiariodesanpedro.com.ar\/sitio\/wp-json\/wp\/v2\/posts"}],"about":[{"href":"https:\/\/eldiariodesanpedro.com.ar\/sitio\/wp-json\/wp\/v2\/types\/post"}],"author":[{"embeddable":true,"href":"https:\/\/eldiariodesanpedro.com.ar\/sitio\/wp-json\/wp\/v2\/users\/4"}],"replies":[{"embeddable":true,"href":"https:\/\/eldiariodesanpedro.com.ar\/sitio\/wp-json\/wp\/v2\/comments?post=150405"}],"version-history":[{"count":1,"href":"https:\/\/eldiariodesanpedro.com.ar\/sitio\/wp-json\/wp\/v2\/posts\/150405\/revisions"}],"predecessor-version":[{"id":150406,"href":"https:\/\/eldiariodesanpedro.com.ar\/sitio\/wp-json\/wp\/v2\/posts\/150405\/revisions\/150406"}],"wp:featuredmedia":[{"embeddable":true,"href":"https:\/\/eldiariodesanpedro.com.ar\/sitio\/wp-json\/wp\/v2\/media\/113757"}],"wp:attachment":[{"href":"https:\/\/eldiariodesanpedro.com.ar\/sitio\/wp-json\/wp\/v2\/media?parent=150405"}],"wp:term":[{"taxonomy":"category","embeddable":true,"href":"https:\/\/eldiariodesanpedro.com.ar\/sitio\/wp-json\/wp\/v2\/categories?post=150405"},{"taxonomy":"post_tag","embeddable":true,"href":"https:\/\/eldiariodesanpedro.com.ar\/sitio\/wp-json\/wp\/v2\/tags?post=150405"}],"curies":[{"name":"wp","href":"https:\/\/api.w.org\/{rel}","templated":true}]}}