{"id":150401,"date":"2026-04-30T09:34:56","date_gmt":"2026-04-30T12:34:56","guid":{"rendered":"https:\/\/eldiariodesanpedro.com.ar\/sitio\/?p=150401"},"modified":"2026-04-30T09:55:41","modified_gmt":"2026-04-30T12:55:41","slug":"el-centro-de-comercio-inicia-un-nuevo-ciclo-de-practicas-profesionales","status":"publish","type":"post","link":"https:\/\/eldiariodesanpedro.com.ar\/sitio\/el-centro-de-comercio-inicia-un-nuevo-ciclo-de-practicas-profesionales\/","title":{"rendered":"El Centro de Comercio inicia un nuevo ciclo de pr\u00e1cticas profesionales"},"content":{"rendered":"<!-- VideographyWP Plugin Message: Automatic video embedding prevented by plugin options. -->\n\n<p><em>Estudiantes de nivel superior comenzaron sus pr\u00e1cticas en el CCIT, en una experiencia que articula formaci\u00f3n acad\u00e9mica con trabajo institucional.<\/em><\/p>\n\n\n\n<p>El <strong>Centro de Comercio, Industria y Turismo (CCIT)<\/strong> puso en marcha un <strong>nuevo ciclo de pr\u00e1cticas profesionales<\/strong> junto a estudiantes del <strong>Instituto Superior de Formaci\u00f3n T\u00e9cnica N\u00ba118<\/strong>, en el marco de su pol\u00edtica de vinculaci\u00f3n con el \u00e1mbito educativo.<\/p>\n\n\n\n<p>La iniciativa est\u00e1 destinada a alumnos de <strong>2\u00ba y 3\u00ba a\u00f1o de la Tecnicatura en Administraci\u00f3n P\u00fablica<\/strong>, quienes tendr\u00e1n la posibilidad de <strong>aplicar sus conocimientos te\u00f3ricos en un entorno real de trabajo<\/strong>, incorpor\u00e1ndose a la din\u00e1mica de una instituci\u00f3n con <strong>m\u00e1s de 90 a\u00f1os de trayectoria<\/strong> vinculada a los sectores <strong>comercial, industrial y de servicios<\/strong>.<\/p>\n\n\n\n<p>Durante la jornada inicial, los estudiantes fueron recibidos por el <strong>presidente del CCIT, Daniel Churruar\u00edn<\/strong>, junto al equipo de trabajo con el que desarrollar\u00e1n sus actividades. En ese primer encuentro, accedieron a informaci\u00f3n sobre la <strong>historia del Centro<\/strong>, su <strong>rol dentro de la comunidad<\/strong> y las distintas <strong>acciones que lleva adelante diariamente<\/strong>.<\/p>\n\n\n\n<p>A lo largo del ciclo, se prev\u00e9 que los participantes transiten una <strong>experiencia formativa integral<\/strong>, con contacto directo con procesos de <strong>gesti\u00f3n, articulaci\u00f3n institucional y acompa\u00f1amiento a los sectores productivos<\/strong>, aspectos centrales del funcionamiento del organismo.<\/p>\n\n\n\n<p>Este tipo de propuestas consolida la <strong>articulaci\u00f3n entre el sistema educativo y el entramado institucional y productivo<\/strong>, generando instancias concretas de formaci\u00f3n y fortaleciendo la inserci\u00f3n profesional de los estudiantes.<\/p>\n\n\n\n<p>#CentroDeComercio #PracticasProfesionales #Educacion #Formacion #AdministracionPublica #CCIT #Instituto118 #VinculacionEducativa<\/p>\n","protected":false},"excerpt":{"rendered":"<p>Estudiantes de nivel superior comenzaron sus pr\u00e1cticas en el CCIT, en una experiencia que articula formaci\u00f3n acad\u00e9mica con trabajo institucional. El Centro de Comercio, Industria y Turismo (CCIT) puso en marcha un nuevo ciclo de pr\u00e1cticas profesionales junto a estudiantes del Instituto Superior de Formaci\u00f3n T\u00e9cnica N\u00ba118, en el marco de su pol\u00edtica de vinculaci\u00f3n [&hellip;]<\/p>\n","protected":false},"author":4,"featured_media":150402,"comment_status":"closed","ping_status":"closed","sticky":false,"template":"","format":"standard","meta":{"om_disable_all_campaigns":false,"_jetpack_memberships_contains_paid_content":false,"footnotes":""},"categories":[101,2],"tags":[10428,10556,10560,10555,10557,10561,10554,10558,10553,10559],"class_list":["post-150401","post","type-post","status-publish","format-standard","has-post-thumbnail","hentry","category-interes-general-locales","category-locales","tag-centro-de-comercio-industria-y-turismo","tag-daniel-churruarin","tag-desarrollo-profesional","tag-estudiantes-administracion-publica","tag-formacion-profesional","tag-instituciones-locales","tag-instituto-superior-de-formacion-tecnica-118","tag-pasantias","tag-practicas-profesionales","tag-vinculacion-educativa"],"aioseo_notices":[],"gutentor_comment":0,"jetpack_featured_media_url":"https:\/\/eldiariodesanpedro.com.ar\/sitio\/wp-content\/uploads\/2026\/04\/medida-3-5.jpg","jetpack_shortlink":"https:\/\/wp.me\/p6RhLt-D7P","jetpack_sharing_enabled":true,"_links":{"self":[{"href":"https:\/\/eldiariodesanpedro.com.ar\/sitio\/wp-json\/wp\/v2\/posts\/150401","targetHints":{"allow":["GET"]}}],"collection":[{"href":"https:\/\/eldiariodesanpedro.com.ar\/sitio\/wp-json\/wp\/v2\/posts"}],"about":[{"href":"https:\/\/eldiariodesanpedro.com.ar\/sitio\/wp-json\/wp\/v2\/types\/post"}],"author":[{"embeddable":true,"href":"https:\/\/eldiariodesanpedro.com.ar\/sitio\/wp-json\/wp\/v2\/users\/4"}],"replies":[{"embeddable":true,"href":"https:\/\/eldiariodesanpedro.com.ar\/sitio\/wp-json\/wp\/v2\/comments?post=150401"}],"version-history":[{"count":1,"href":"https:\/\/eldiariodesanpedro.com.ar\/sitio\/wp-json\/wp\/v2\/posts\/150401\/revisions"}],"predecessor-version":[{"id":150403,"href":"https:\/\/eldiariodesanpedro.com.ar\/sitio\/wp-json\/wp\/v2\/posts\/150401\/revisions\/150403"}],"wp:featuredmedia":[{"embeddable":true,"href":"https:\/\/eldiariodesanpedro.com.ar\/sitio\/wp-json\/wp\/v2\/media\/150402"}],"wp:attachment":[{"href":"https:\/\/eldiariodesanpedro.com.ar\/sitio\/wp-json\/wp\/v2\/media?parent=150401"}],"wp:term":[{"taxonomy":"category","embeddable":true,"href":"https:\/\/eldiariodesanpedro.com.ar\/sitio\/wp-json\/wp\/v2\/categories?post=150401"},{"taxonomy":"post_tag","embeddable":true,"href":"https:\/\/eldiariodesanpedro.com.ar\/sitio\/wp-json\/wp\/v2\/tags?post=150401"}],"curies":[{"name":"wp","href":"https:\/\/api.w.org\/{rel}","templated":true}]}}