{"id":150396,"date":"2026-04-30T09:09:24","date_gmt":"2026-04-30T12:09:24","guid":{"rendered":"https:\/\/eldiariodesanpedro.com.ar\/sitio\/?p=150396"},"modified":"2026-04-30T09:09:28","modified_gmt":"2026-04-30T12:09:28","slug":"fabio-giovanettoni-fue-designado-como-jefe-de-la-zona-7-de-defensa-civil","status":"publish","type":"post","link":"https:\/\/eldiariodesanpedro.com.ar\/sitio\/fabio-giovanettoni-fue-designado-como-jefe-de-la-zona-7-de-defensa-civil\/","title":{"rendered":"Fabio Giovanettoni fue designado como jefe de la Zona 7 de Defensa Civil"},"content":{"rendered":"<!-- VideographyWP Plugin Message: Automatic video embedding prevented by plugin options. -->\n\n<p><em>El actual director local asumir\u00e1 la coordinaci\u00f3n regional que abarca siete distritos del norte bonaerense.<\/em><\/p>\n\n\n\n<p>El <strong>director de Defensa Civil del municipio, Fabio Giovanettoni<\/strong>, fue designado como <strong>Jefe de la Zona 7 de Defensa Civil<\/strong>, una regi\u00f3n que comprende a los distritos de <strong>San Pedro, Baradero, Ramallo, Pergamino, San Nicol\u00e1s, Arrecifes y Capit\u00e1n Sarmiento<\/strong>.<\/p>\n\n\n\n<p>La designaci\u00f3n se concret\u00f3 durante una <strong>reuni\u00f3n realizada este mi\u00e9rcoles en la Casa de la Provincia de Baradero<\/strong>, donde participaron autoridades provinciales y referentes municipales del \u00e1rea. Entre los presentes estuvieron el <strong>Director Provincial Operativo de la Direcci\u00f3n Provincial de Defensa Civil, N\u00e9stor Guglielmino<\/strong>, la <strong>Directora Provincial Vanesa Miseri<\/strong>, y directores de Defensa Civil de <strong>Ramallo, Pergamino, Baradero y San Pedro<\/strong>.<\/p>\n\n\n\n<p>En su nuevo rol, <strong>Giovanettoni tendr\u00e1 a su cargo la coordinaci\u00f3n de acciones regionales<\/strong>, incluyendo la organizaci\u00f3n de <strong>reuniones de trabajo, planificaci\u00f3n preventiva y capacitaci\u00f3n del personal<\/strong>, con el objetivo de optimizar la respuesta ante situaciones de emergencia en toda la zona.<\/p>\n\n\n\n<p>La funci\u00f3n implica adem\u00e1s fortalecer la articulaci\u00f3n entre municipios y la provincia, promoviendo estrategias conjuntas para mejorar la preparaci\u00f3n y actuaci\u00f3n frente a distintos eventos cr\u00edticos.<\/p>\n\n\n\n<p>#DefensaCivil #FabioGiovanettoni #Zona7 #Emergencias #ProvinciaBuenosAires #Gesti\u00f3n #Seguridad #Prevenci\u00f3n<\/p>\n\n\n\n<div class=\"wp-block-jetpack-slideshow aligncenter\" data-effect=\"slide\" style=\"--aspect-ratio:calc(640 \/ 360)\"><div class=\"wp-block-jetpack-slideshow_container swiper\"><ul class=\"wp-block-jetpack-slideshow_swiper-wrapper swiper-wrapper\"><li class=\"wp-block-jetpack-slideshow_slide swiper-slide\"><figure><img decoding=\"async\" width=\"1024\" height=\"576\" alt=\"\" class=\"wp-block-jetpack-slideshow_image wp-image-150398 lazyload\" data-id=\"150398\" data-aspect-ratio=\"640 \/ 360\" data-src=\"https:\/\/eldiariodesanpedro.com.ar\/sitio\/wp-content\/uploads\/2026\/04\/WhatsApp-Image-2026-04-30-at-08.50.47-1-1024x576.jpeg\" data-srcset=\"https:\/\/eldiariodesanpedro.com.ar\/sitio\/wp-content\/uploads\/2026\/04\/WhatsApp-Image-2026-04-30-at-08.50.47-1-1024x576.jpeg 1024w, https:\/\/eldiariodesanpedro.com.ar\/sitio\/wp-content\/uploads\/2026\/04\/WhatsApp-Image-2026-04-30-at-08.50.47-1-300x169.jpeg 300w, https:\/\/eldiariodesanpedro.com.ar\/sitio\/wp-content\/uploads\/2026\/04\/WhatsApp-Image-2026-04-30-at-08.50.47-1-768x432.jpeg 768w, https:\/\/eldiariodesanpedro.com.ar\/sitio\/wp-content\/uploads\/2026\/04\/WhatsApp-Image-2026-04-30-at-08.50.47-1.jpeg 1120w\" data-sizes=\"(max-width: 1024px) 100vw, 1024px\" src=\"data:image\/svg+xml;base64,PHN2ZyB3aWR0aD0iMSIgaGVpZ2h0PSIxIiB4bWxucz0iaHR0cDovL3d3dy53My5vcmcvMjAwMC9zdmciPjwvc3ZnPg==\" style=\"--smush-placeholder-width: 1024px; --smush-placeholder-aspect-ratio: 1024\/576;\" \/><\/figure><\/li><li class=\"wp-block-jetpack-slideshow_slide swiper-slide\"><figure><img decoding=\"async\" width=\"1024\" height=\"577\" alt=\"\" class=\"wp-block-jetpack-slideshow_image wp-image-150399 lazyload\" data-id=\"150399\" data-aspect-ratio=\"640 \/ 361\" data-src=\"https:\/\/eldiariodesanpedro.com.ar\/sitio\/wp-content\/uploads\/2026\/04\/WhatsApp-Image-2026-04-30-at-08.50.47-1024x577.jpeg\" data-srcset=\"https:\/\/eldiariodesanpedro.com.ar\/sitio\/wp-content\/uploads\/2026\/04\/WhatsApp-Image-2026-04-30-at-08.50.47-1024x577.jpeg 1024w, https:\/\/eldiariodesanpedro.com.ar\/sitio\/wp-content\/uploads\/2026\/04\/WhatsApp-Image-2026-04-30-at-08.50.47-300x169.jpeg 300w, https:\/\/eldiariodesanpedro.com.ar\/sitio\/wp-content\/uploads\/2026\/04\/WhatsApp-Image-2026-04-30-at-08.50.47-768x432.jpeg 768w, https:\/\/eldiariodesanpedro.com.ar\/sitio\/wp-content\/uploads\/2026\/04\/WhatsApp-Image-2026-04-30-at-08.50.47.jpeg 1119w\" data-sizes=\"(max-width: 1024px) 100vw, 1024px\" src=\"data:image\/svg+xml;base64,PHN2ZyB3aWR0aD0iMSIgaGVpZ2h0PSIxIiB4bWxucz0iaHR0cDovL3d3dy53My5vcmcvMjAwMC9zdmciPjwvc3ZnPg==\" style=\"--smush-placeholder-width: 1024px; --smush-placeholder-aspect-ratio: 1024\/577;\" \/><\/figure><\/li><\/ul><a class=\"wp-block-jetpack-slideshow_button-prev swiper-button-prev swiper-button-white\" role=\"button\"><\/a><a class=\"wp-block-jetpack-slideshow_button-next swiper-button-next swiper-button-white\" role=\"button\"><\/a><a aria-label=\"Pause Slideshow\" class=\"wp-block-jetpack-slideshow_button-pause\" role=\"button\"><\/a><div class=\"wp-block-jetpack-slideshow_pagination swiper-pagination swiper-pagination-white\"><\/div><\/div><\/div>\n","protected":false},"excerpt":{"rendered":"<p>El actual director local asumir\u00e1 la coordinaci\u00f3n regional que abarca siete distritos del norte bonaerense. El director de Defensa Civil del municipio, Fabio Giovanettoni, fue designado como Jefe de la Zona 7 de Defensa Civil, una regi\u00f3n que comprende a los distritos de San Pedro, Baradero, Ramallo, Pergamino, San Nicol\u00e1s, Arrecifes y Capit\u00e1n Sarmiento. La [&hellip;]<\/p>\n","protected":false},"author":4,"featured_media":150397,"comment_status":"closed","ping_status":"closed","sticky":false,"template":"","format":"standard","meta":{"om_disable_all_campaigns":false,"_jetpack_memberships_contains_paid_content":false,"footnotes":""},"categories":[50,101,2],"tags":[10549,10550,10547,10548,10551,10552],"class_list":["post-150396","post","type-post","status-publish","format-standard","has-post-thumbnail","hentry","category-destacadas","category-interes-general-locales","category-locales","tag-coordinacion-emergencias-regional","tag-defensa-civil-provincia-buenos-aires","tag-fabio-giovanettoni-defensa-civil","tag-jefe-zona-7-defensa-civil","tag-municipios-norte-bonaerense","tag-planificacion-preventiva-emergencias"],"aioseo_notices":[],"gutentor_comment":0,"jetpack_featured_media_url":"https:\/\/eldiariodesanpedro.com.ar\/sitio\/wp-content\/uploads\/2026\/04\/WhatsApp-Image-2026-04-30-at-08.50.46.jpeg","jetpack_shortlink":"https:\/\/wp.me\/p6RhLt-D7K","jetpack_sharing_enabled":true,"_links":{"self":[{"href":"https:\/\/eldiariodesanpedro.com.ar\/sitio\/wp-json\/wp\/v2\/posts\/150396","targetHints":{"allow":["GET"]}}],"collection":[{"href":"https:\/\/eldiariodesanpedro.com.ar\/sitio\/wp-json\/wp\/v2\/posts"}],"about":[{"href":"https:\/\/eldiariodesanpedro.com.ar\/sitio\/wp-json\/wp\/v2\/types\/post"}],"author":[{"embeddable":true,"href":"https:\/\/eldiariodesanpedro.com.ar\/sitio\/wp-json\/wp\/v2\/users\/4"}],"replies":[{"embeddable":true,"href":"https:\/\/eldiariodesanpedro.com.ar\/sitio\/wp-json\/wp\/v2\/comments?post=150396"}],"version-history":[{"count":1,"href":"https:\/\/eldiariodesanpedro.com.ar\/sitio\/wp-json\/wp\/v2\/posts\/150396\/revisions"}],"predecessor-version":[{"id":150400,"href":"https:\/\/eldiariodesanpedro.com.ar\/sitio\/wp-json\/wp\/v2\/posts\/150396\/revisions\/150400"}],"wp:featuredmedia":[{"embeddable":true,"href":"https:\/\/eldiariodesanpedro.com.ar\/sitio\/wp-json\/wp\/v2\/media\/150397"}],"wp:attachment":[{"href":"https:\/\/eldiariodesanpedro.com.ar\/sitio\/wp-json\/wp\/v2\/media?parent=150396"}],"wp:term":[{"taxonomy":"category","embeddable":true,"href":"https:\/\/eldiariodesanpedro.com.ar\/sitio\/wp-json\/wp\/v2\/categories?post=150396"},{"taxonomy":"post_tag","embeddable":true,"href":"https:\/\/eldiariodesanpedro.com.ar\/sitio\/wp-json\/wp\/v2\/tags?post=150396"}],"curies":[{"name":"wp","href":"https:\/\/api.w.org\/{rel}","templated":true}]}}