{"id":150391,"date":"2026-04-29T22:13:21","date_gmt":"2026-04-30T01:13:21","guid":{"rendered":"https:\/\/eldiariodesanpedro.com.ar\/sitio\/?p=150391"},"modified":"2026-04-29T22:15:50","modified_gmt":"2026-04-30T01:15:50","slug":"licitacion-publica-04-26-para-la-obra-contruccion-escuela-secundaria-no-4-hebe-noemi-baez","status":"publish","type":"post","link":"https:\/\/eldiariodesanpedro.com.ar\/sitio\/licitacion-publica-04-26-para-la-obra-contruccion-escuela-secundaria-no-4-hebe-noemi-baez\/","title":{"rendered":"Licitaci\u00f3n P\u00fablica 04\/26 para la obra Construcci\u00f3n Escuela Secundaria N\u00ba 4 Hebe Noemi Baez"},"content":{"rendered":"<!-- VideographyWP Plugin Message: Automatic video embedding prevented by plugin options. -->\n\n<p class=\"has-text-align-right\">Secretaria de Obras y Servicios P\u00fablicos de Ramallo<\/p>\n\n\n\n<p class=\"has-text-align-center\"><strong>MUNICIPALIDAD DE RAMALLO LICITACI\u00d3N P\u00daBLICA<\/strong><\/p>\n\n\n\n<p>POR 2 DIAS- EXPTE. 4092-29092\/26 Ll\u00e1mese a LICITACI\u00d3N P\u00daBLICA 04\/26 para la obra \u00abCONSTRUCCI\u00d3N ESCUELA SECUNDARIA N\u00ba4 HEBE NOEMI BAEZ\u00bb. <br>Valor del Pliego: $ 2.539.680,04 (incluidos Fondos Municipales).<br>Limite de venta: Hasta el 20\/05\/2026 de 8:00 a 11:30 horas, en la Municipalidad de Ramallo. Fecha de apertura: 27\/05\/2026 a las 10:00 horas en la Oficina de Compras \u2013 Municipalidad de Ramallo. Av San Mart\u00edn y Belgrano, Prov. De Buenos Aires.<\/p>\n\n\n\n<p>Consultas: Tel. 03407- 422900\/906 int. 216. \u00a0<br>Email: obrasyserviciospublicos@muniramallo.com.ar<\/p>\n\n\n\n<p class=\"has-text-align-right\"><strong>Ramallo, 29 de Abril 2026<\/strong><\/p>\n\n\n\n<p>LEANDRO M TORRI<br>SECRETARIO<br>OBRAS Y SERVICIOS P\u00daBLICOS<br>MUNICIPALIDAD DE RAMALLO<\/p>\n\n\n\n<p>(Publicaci\u00f3n v\u00e1lida para los d\u00edas 29 y 30 de abril de 2026)<\/p>\n","protected":false},"excerpt":{"rendered":"<p>Secretaria de Obras y Servicios P\u00fablicos de Ramallo MUNICIPALIDAD DE RAMALLO LICITACI\u00d3N P\u00daBLICA POR 2 DIAS- EXPTE. 4092-29092\/26 Ll\u00e1mese a LICITACI\u00d3N P\u00daBLICA 04\/26 para la obra \u00abCONSTRUCCI\u00d3N ESCUELA SECUNDARIA N\u00ba4 HEBE NOEMI BAEZ\u00bb. Valor del Pliego: $ 2.539.680,04 (incluidos Fondos Municipales).Limite de venta: Hasta el 20\/05\/2026 de 8:00 a 11:30 horas, en la Municipalidad de [&hellip;]<\/p>\n","protected":false},"author":4,"featured_media":132050,"comment_status":"closed","ping_status":"closed","sticky":false,"template":"","format":"standard","meta":{"om_disable_all_campaigns":false,"_jetpack_memberships_contains_paid_content":false,"footnotes":""},"categories":[676,1164],"tags":[10544,10545,10542,10546],"class_list":["post-150391","post","type-post","status-publish","format-standard","has-post-thumbnail","hentry","category-edictos","category-municipales","tag-contruccion","tag-hebe-noemi-baez","tag-licitacion-publica-04-26","tag-secretaria-de-obras-y-servicios-publicos"],"aioseo_notices":[],"gutentor_comment":0,"jetpack_featured_media_url":"https:\/\/eldiariodesanpedro.com.ar\/sitio\/wp-content\/uploads\/2024\/08\/Ramallo.jpg","jetpack_shortlink":"https:\/\/wp.me\/p6RhLt-D7F","jetpack_sharing_enabled":true,"_links":{"self":[{"href":"https:\/\/eldiariodesanpedro.com.ar\/sitio\/wp-json\/wp\/v2\/posts\/150391","targetHints":{"allow":["GET"]}}],"collection":[{"href":"https:\/\/eldiariodesanpedro.com.ar\/sitio\/wp-json\/wp\/v2\/posts"}],"about":[{"href":"https:\/\/eldiariodesanpedro.com.ar\/sitio\/wp-json\/wp\/v2\/types\/post"}],"author":[{"embeddable":true,"href":"https:\/\/eldiariodesanpedro.com.ar\/sitio\/wp-json\/wp\/v2\/users\/4"}],"replies":[{"embeddable":true,"href":"https:\/\/eldiariodesanpedro.com.ar\/sitio\/wp-json\/wp\/v2\/comments?post=150391"}],"version-history":[{"count":2,"href":"https:\/\/eldiariodesanpedro.com.ar\/sitio\/wp-json\/wp\/v2\/posts\/150391\/revisions"}],"predecessor-version":[{"id":150393,"href":"https:\/\/eldiariodesanpedro.com.ar\/sitio\/wp-json\/wp\/v2\/posts\/150391\/revisions\/150393"}],"wp:featuredmedia":[{"embeddable":true,"href":"https:\/\/eldiariodesanpedro.com.ar\/sitio\/wp-json\/wp\/v2\/media\/132050"}],"wp:attachment":[{"href":"https:\/\/eldiariodesanpedro.com.ar\/sitio\/wp-json\/wp\/v2\/media?parent=150391"}],"wp:term":[{"taxonomy":"category","embeddable":true,"href":"https:\/\/eldiariodesanpedro.com.ar\/sitio\/wp-json\/wp\/v2\/categories?post=150391"},{"taxonomy":"post_tag","embeddable":true,"href":"https:\/\/eldiariodesanpedro.com.ar\/sitio\/wp-json\/wp\/v2\/tags?post=150391"}],"curies":[{"name":"wp","href":"https:\/\/api.w.org\/{rel}","templated":true}]}}