{"id":15039,"date":"2017-02-20T19:01:37","date_gmt":"2017-02-20T22:01:37","guid":{"rendered":"https:\/\/eldiariodesanpedro.com.ar\/sitio\/?p=15039"},"modified":"2017-02-20T20:11:46","modified_gmt":"2017-02-20T23:11:46","slug":"abel-pintos-deslumbro-el-anfiteatro-municipal-de-baradero","status":"publish","type":"post","link":"https:\/\/eldiariodesanpedro.com.ar\/sitio\/abel-pintos-deslumbro-el-anfiteatro-municipal-de-baradero\/","title":{"rendered":"Abel Pintos deslumbro el anfiteatro municipal de Baradero"},"content":{"rendered":"<p><!-- VideographyWP Plugin Message: Automatic video embedding prevented by plugin options. --><br \/>\nEn el d\u00eda de ayer se llevo a cabo la ultima noche del 43\u00ba Festival de M\u00fasica Popular Nacional de Baradero 2017, con un marco de publico impresionante, completamente colmado el Anfiteatro Municipal Pedro Carossi, donde se calcula que mas de 8000 personas estuvieron presentes a la espera del artista nacional mas convocante de los \u00faltimos tiempos, Abel Pintos para cerra este gran a\u00f1o del festival.<\/p>\n<p>La noche arranco a las 21:00 hs como ya lo hab\u00eda realizado las 3 noches anteriores con fuegos artificiales y el balet local Sixto Palavecino, y los artistas que fueron la previa al bahiense fueron Ceibo, Carolina Peleretti, Los Campedrinos, Viviana Vigil, Antonella Fern\u00e1ndez, Facundo Misenti, Andres Clerc, Josue Gauna\/ Malgarejo, Duo Deno (Humor).<\/p>\n<p>Por su parte tambi\u00e9n se llevo a cabo la premiaci\u00f3n del los artistas de este a\u00f1o fueron, como grupo consagraci\u00f3n 2017 fue para el duo Los Campedrinos compuesto por Sergio Prada de la ciudad de Campana y Agust\u00edn Fantili representante de nuestra ciudad, quienes realmente brindaron un show con mucha energ\u00eda y con una carisma que volvi\u00f3 a conquistar al publico presente como ya hab\u00eda ocurrido en el 2016. Seg\u00fan nos contaron en un entrevista exclusiva con El Diario de San Pedro nunca hab\u00edan hecho lo que hicieron en este show que es haber ingresado al sector de plateas donde cantaron y bailaron con el publico, algo que maravillo a toda la gente. Ademas de contarnos que durante este verano recorrieron 7 provincias y 22 festivales por todo el pais, Sergio y Agustin sin dudas uno de los grupos mas destacados del momento de la m\u00fasica popular Argentina.<\/p>\n<p>Los dem\u00e1s artistas premiados fueron Los Cayetanos quienes obtuvieron el premio Consagraci\u00f3n del Publico 2017 y Carolina Peleretti quien fue galardonada como Revelaci\u00f3n 2017.<\/p>\n<p>Luego de esta entrega de premios llego el momento que todo el anfiteatro y las personas que se encontraban en los alrededores estaban esperando, a las 03:00 de la madrugada del lunes subi\u00f3 al escenario el bahiense Abel Pintos quien con nuevas canciones, solo algunos cl\u00e1sicos que le canta al amor con poes\u00edas profundas interpretadas como solo el puede hacerlo, un sello inalterable e inimitable que cerro el festival haciendo bailar a todo los presentes hasta las 05:00 hs.<\/p>\n<p><iframe data-src=\"\/\/embedsocial.com\/facebook_album\/album_photos\/578753022333841\" width=\"900\" height=\"1500\" frameborder=\"0\" marginwidth=\"0\" marginheight=\"0\" scrolling=\"no\" src=\"data:image\/svg+xml;base64,PHN2ZyB3aWR0aD0iMSIgaGVpZ2h0PSIxIiB4bWxucz0iaHR0cDovL3d3dy53My5vcmcvMjAwMC9zdmciPjwvc3ZnPg==\" class=\"lazyload\" data-load-mode=\"1\"><\/iframe><\/p>\n<h2>CONFERENCIA DE PRENSA DE ABEL PINTOS<\/h2>\n<div class=\"fb-video\" data-allowfullscreen=\"true\" data-href=\"https:\/\/www.facebook.com\/eldiario.desanpedro\/videos\/578384579037352\/\" style=\"background-color: #fff; display: inline-block;\"><\/div>\n<h2>ENTREVISTA CON LOS CAMPEDRINOS<\/h2>\n<div class=\"fb-video\" data-allowfullscreen=\"true\" data-href=\"https:\/\/www.facebook.com\/eldiario.desanpedro\/videos\/578766075665869\/\" style=\"background-color: #fff; display: inline-block;\"><\/div>\n","protected":false},"excerpt":{"rendered":"<p>En el d\u00eda de ayer se llevo a cabo la ultima noche del 43\u00ba Festival de M\u00fasica Popular Nacional de Baradero 2017, con un marco de publico impresionante, completamente colmado el Anfiteatro Municipal Pedro Carossi, donde se calcula que mas de 8000 personas estuvieron presentes a la espera del artista nacional mas convocante de los [&hellip;]<\/p>\n","protected":false},"author":4,"featured_media":15040,"comment_status":"open","ping_status":"closed","sticky":false,"template":"","format":"standard","meta":{"om_disable_all_campaigns":false,"_jetpack_memberships_contains_paid_content":false,"footnotes":""},"categories":[50,101,2,621],"tags":[],"class_list":["post-15039","post","type-post","status-publish","format-standard","has-post-thumbnail","hentry","category-destacadas","category-interes-general-locales","category-locales","category-regionales"],"aioseo_notices":[],"gutentor_comment":0,"jetpack_featured_media_url":"https:\/\/eldiariodesanpedro.com.ar\/sitio\/wp-content\/uploads\/2017\/02\/DSC_1569-e1487627868372.jpg","jetpack_shortlink":"https:\/\/wp.me\/p6RhLt-3Uz","jetpack_sharing_enabled":true,"_links":{"self":[{"href":"https:\/\/eldiariodesanpedro.com.ar\/sitio\/wp-json\/wp\/v2\/posts\/15039","targetHints":{"allow":["GET"]}}],"collection":[{"href":"https:\/\/eldiariodesanpedro.com.ar\/sitio\/wp-json\/wp\/v2\/posts"}],"about":[{"href":"https:\/\/eldiariodesanpedro.com.ar\/sitio\/wp-json\/wp\/v2\/types\/post"}],"author":[{"embeddable":true,"href":"https:\/\/eldiariodesanpedro.com.ar\/sitio\/wp-json\/wp\/v2\/users\/4"}],"replies":[{"embeddable":true,"href":"https:\/\/eldiariodesanpedro.com.ar\/sitio\/wp-json\/wp\/v2\/comments?post=15039"}],"version-history":[{"count":3,"href":"https:\/\/eldiariodesanpedro.com.ar\/sitio\/wp-json\/wp\/v2\/posts\/15039\/revisions"}],"predecessor-version":[{"id":15045,"href":"https:\/\/eldiariodesanpedro.com.ar\/sitio\/wp-json\/wp\/v2\/posts\/15039\/revisions\/15045"}],"wp:featuredmedia":[{"embeddable":true,"href":"https:\/\/eldiariodesanpedro.com.ar\/sitio\/wp-json\/wp\/v2\/media\/15040"}],"wp:attachment":[{"href":"https:\/\/eldiariodesanpedro.com.ar\/sitio\/wp-json\/wp\/v2\/media?parent=15039"}],"wp:term":[{"taxonomy":"category","embeddable":true,"href":"https:\/\/eldiariodesanpedro.com.ar\/sitio\/wp-json\/wp\/v2\/categories?post=15039"},{"taxonomy":"post_tag","embeddable":true,"href":"https:\/\/eldiariodesanpedro.com.ar\/sitio\/wp-json\/wp\/v2\/tags?post=15039"}],"curies":[{"name":"wp","href":"https:\/\/api.w.org\/{rel}","templated":true}]}}