{"id":150385,"date":"2026-04-29T18:01:31","date_gmt":"2026-04-29T21:01:31","guid":{"rendered":"https:\/\/eldiariodesanpedro.com.ar\/sitio\/?p=150385"},"modified":"2026-04-29T18:01:37","modified_gmt":"2026-04-29T21:01:37","slug":"licitacion-publica-02-26-para-concesion-de-lote-13-a-servicio-de-playa-complejo-viva-el-rio-leandro-mansilla","status":"publish","type":"post","link":"https:\/\/eldiariodesanpedro.com.ar\/sitio\/licitacion-publica-02-26-para-concesion-de-lote-13-a-servicio-de-playa-complejo-viva-el-rio-leandro-mansilla\/","title":{"rendered":"Licitaci\u00f3n P\u00fablica 02\/26 para Concesi\u00f3n de lote 13 \u201cA\u201d Servicio de Playa \u2013 Complejo \u201cViva el Rio\u201d-Leandro Mansilla"},"content":{"rendered":"<!-- VideographyWP Plugin Message: Automatic video embedding prevented by plugin options. -->\n\n<p class=\"has-text-align-right\"><strong>Secretaria de Desarrollo Econ\u00f3mico<\/strong><\/p>\n\n\n\n<p class=\"has-text-align-center\"><strong>MUNICIPALIDAD DE RAMALLO LICITACI\u00d3N P\u00daBLICA<\/strong><\/p>\n\n\n\n<p>POR 2 DIAS- EXPTE. 4092-29022\/26 Ll\u00e1mese a LICITACI\u00d3N P\u00daBLICA 02\/26 para la obra \u00abConcesi\u00f3n de lote 13 \u201cA\u201d Servicio de Playa \u2013 Complejo \u201cViva el Rio\u201d-Leandro Mansilla\u00bb<br>Valor del Pliego: $ 3.000.000 (m\u00e1s Fondos Municipales)<\/p>\n\n\n\n<p>Limite de venta: Hasta el 15\/05\/2026 de 8:00 a 11:30 horas, en la Municipalidad de Ramallo. Fecha de apertura: 22\/05\/2026 a las 10:00 horas en la Oficina de Compras \u2013 Municipalidad de Ramallo. Av San Mart\u00edn y Belgrano, Prov. De Buenos Aires.<\/p>\n\n\n\n<p>Consultas: Tel. 03407- 667174. \u00a0<br>Email: osvaldojvillarreal@gmail.com<\/p>\n\n\n\n<p class=\"has-text-align-right\"><strong>Ramallo, 29 de Abril 2026<\/strong><\/p>\n\n\n\n<p>PABLO WOZNIAK<br>SECRETARIO<br>DESARROLLO ECON\u00d3MICO<br>MUNICIPALIDAD DE RAMALLO<\/p>\n\n\n\n<p>(Publicaci\u00f3n v\u00e1lida para los d\u00edas\u00a0 29 y 30 de abril de 2026)<\/p>\n","protected":false},"excerpt":{"rendered":"<p>Secretaria de Desarrollo Econ\u00f3mico MUNICIPALIDAD DE RAMALLO LICITACI\u00d3N P\u00daBLICA POR 2 DIAS- EXPTE. 4092-29022\/26 Ll\u00e1mese a LICITACI\u00d3N P\u00daBLICA 02\/26 para la obra \u00abConcesi\u00f3n de lote 13 \u201cA\u201d Servicio de Playa \u2013 Complejo \u201cViva el Rio\u201d-Leandro Mansilla\u00bbValor del Pliego: $ 3.000.000 (m\u00e1s Fondos Municipales) Limite de venta: Hasta el 15\/05\/2026 de 8:00 a 11:30 horas, en [&hellip;]<\/p>\n","protected":false},"author":4,"featured_media":132050,"comment_status":"closed","ping_status":"closed","sticky":false,"template":"","format":"standard","meta":{"om_disable_all_campaigns":false,"_jetpack_memberships_contains_paid_content":false,"footnotes":""},"categories":[676,1164],"tags":[10536,10535,347,10537],"class_list":["post-150385","post","type-post","status-publish","format-standard","has-post-thumbnail","hentry","category-edictos","category-municipales","tag-complejo-viva-el-rio","tag-licitacion-publica-02-26","tag-ramallo","tag-secretaria-de-desarrollo-economico-2"],"aioseo_notices":[],"gutentor_comment":0,"jetpack_featured_media_url":"https:\/\/eldiariodesanpedro.com.ar\/sitio\/wp-content\/uploads\/2024\/08\/Ramallo.jpg","jetpack_shortlink":"https:\/\/wp.me\/p6RhLt-D7z","jetpack_sharing_enabled":true,"_links":{"self":[{"href":"https:\/\/eldiariodesanpedro.com.ar\/sitio\/wp-json\/wp\/v2\/posts\/150385","targetHints":{"allow":["GET"]}}],"collection":[{"href":"https:\/\/eldiariodesanpedro.com.ar\/sitio\/wp-json\/wp\/v2\/posts"}],"about":[{"href":"https:\/\/eldiariodesanpedro.com.ar\/sitio\/wp-json\/wp\/v2\/types\/post"}],"author":[{"embeddable":true,"href":"https:\/\/eldiariodesanpedro.com.ar\/sitio\/wp-json\/wp\/v2\/users\/4"}],"replies":[{"embeddable":true,"href":"https:\/\/eldiariodesanpedro.com.ar\/sitio\/wp-json\/wp\/v2\/comments?post=150385"}],"version-history":[{"count":1,"href":"https:\/\/eldiariodesanpedro.com.ar\/sitio\/wp-json\/wp\/v2\/posts\/150385\/revisions"}],"predecessor-version":[{"id":150386,"href":"https:\/\/eldiariodesanpedro.com.ar\/sitio\/wp-json\/wp\/v2\/posts\/150385\/revisions\/150386"}],"wp:featuredmedia":[{"embeddable":true,"href":"https:\/\/eldiariodesanpedro.com.ar\/sitio\/wp-json\/wp\/v2\/media\/132050"}],"wp:attachment":[{"href":"https:\/\/eldiariodesanpedro.com.ar\/sitio\/wp-json\/wp\/v2\/media?parent=150385"}],"wp:term":[{"taxonomy":"category","embeddable":true,"href":"https:\/\/eldiariodesanpedro.com.ar\/sitio\/wp-json\/wp\/v2\/categories?post=150385"},{"taxonomy":"post_tag","embeddable":true,"href":"https:\/\/eldiariodesanpedro.com.ar\/sitio\/wp-json\/wp\/v2\/tags?post=150385"}],"curies":[{"name":"wp","href":"https:\/\/api.w.org\/{rel}","templated":true}]}}