{"id":150379,"date":"2026-04-29T16:57:55","date_gmt":"2026-04-29T19:57:55","guid":{"rendered":"https:\/\/eldiariodesanpedro.com.ar\/sitio\/?p=150379"},"modified":"2026-04-29T16:57:59","modified_gmt":"2026-04-29T19:57:59","slug":"intendentes-reclaman-deuda-millonaria-por-el-servicio-alimentario-escolar","status":"publish","type":"post","link":"https:\/\/eldiariodesanpedro.com.ar\/sitio\/intendentes-reclaman-deuda-millonaria-por-el-servicio-alimentario-escolar\/","title":{"rendered":"Intendentes reclaman deuda millonaria por el servicio alimentario escolar"},"content":{"rendered":"<!-- VideographyWP Plugin Message: Automatic video embedding prevented by plugin options. -->\n\n<p>Jefes comunales y funcionarios provinciales reclamaron una deuda superior a 220.000 millones de pesos vinculada al financiamiento del SAE.<\/p>\n\n\n\n<p>El intendente <strong>Cecilio Salazar<\/strong>, junto a otros jefes comunales bonaerenses y ministros provinciales, particip\u00f3 de una presentaci\u00f3n formal ante el <strong>Ministerio de Capital Humano<\/strong> para exigir el pago de una deuda que supera los <strong>220.000 millones de pesos<\/strong>, correspondiente al financiamiento del <strong>Servicio Alimentario Escolar (SAE)<\/strong>.<\/p>\n\n\n\n<p>Seg\u00fan manifestaron, la deuda corresponde a fondos que el Gobierno nacional mantiene pendientes con la provincia de Buenos Aires, destinados a garantizar la asistencia alimentaria en establecimientos educativos. El reclamo fue acompa\u00f1ado por autoridades provinciales, quienes respaldaron la solicitud de regularizaci\u00f3n de los pagos.<\/p>\n\n\n\n<p>Durante la presentaci\u00f3n, los intendentes se\u00f1alaron la necesidad de una respuesta inmediata ante una situaci\u00f3n que, indicaron, <strong>impacta directamente en el funcionamiento de los municipios y en la alimentaci\u00f3n de miles de estudiantes<\/strong>. En ese marco, remarcaron que el cumplimiento de estas obligaciones resulta fundamental para sostener el sistema de asistencia en las escuelas.<\/p>\n\n\n\n<p>Adem\u00e1s, plantearon que la falta de estos recursos genera dificultades en la continuidad del servicio, lo que afecta a las comunidades educativas y a las familias que dependen de este programa.<\/p>\n\n\n\n<p>El reclamo se enmarca en una serie de gestiones impulsadas por autoridades provinciales y municipales para garantizar el financiamiento del SAE, considerado un componente clave en la pol\u00edtica alimentaria escolar.<\/p>\n\n\n\n<p>#ServicioAlimentarioEscolar #SAE #ProvinciaDeBuenosAires #CecilioSalazar #Intendentes #Educaci\u00f3n #Deuda #GobiernoNacional<\/p>\n\n\n\n<div class=\"wp-block-jetpack-slideshow aligncenter\" data-effect=\"slide\" style=\"--aspect-ratio:calc(415 \/ 630)\"><div class=\"wp-block-jetpack-slideshow_container swiper\"><ul class=\"wp-block-jetpack-slideshow_swiper-wrapper swiper-wrapper\"><li class=\"wp-block-jetpack-slideshow_slide swiper-slide\"><figure><img decoding=\"async\" width=\"415\" height=\"630\" alt=\"\" class=\"wp-block-jetpack-slideshow_image wp-image-150380 lazyload\" data-id=\"150380\" data-aspect-ratio=\"415 \/ 630\" data-src=\"https:\/\/eldiariodesanpedro.com.ar\/sitio\/wp-content\/uploads\/2026\/04\/682397112_1550248027100319_1045658191335841894_n.jpg\" data-srcset=\"https:\/\/eldiariodesanpedro.com.ar\/sitio\/wp-content\/uploads\/2026\/04\/682397112_1550248027100319_1045658191335841894_n.jpg 415w, https:\/\/eldiariodesanpedro.com.ar\/sitio\/wp-content\/uploads\/2026\/04\/682397112_1550248027100319_1045658191335841894_n-198x300.jpg 198w\" data-sizes=\"(max-width: 415px) 100vw, 415px\" src=\"data:image\/svg+xml;base64,PHN2ZyB3aWR0aD0iMSIgaGVpZ2h0PSIxIiB4bWxucz0iaHR0cDovL3d3dy53My5vcmcvMjAwMC9zdmciPjwvc3ZnPg==\" style=\"--smush-placeholder-width: 415px; --smush-placeholder-aspect-ratio: 415\/630;\" \/><\/figure><\/li><li class=\"wp-block-jetpack-slideshow_slide swiper-slide\"><figure><img decoding=\"async\" width=\"947\" height=\"630\" alt=\"\" class=\"wp-block-jetpack-slideshow_image wp-image-150382 lazyload\" data-id=\"150382\" data-aspect-ratio=\"947 \/ 630\" data-src=\"https:\/\/eldiariodesanpedro.com.ar\/sitio\/wp-content\/uploads\/2026\/04\/685390664_1550248077100314_2628135000055737083_n.jpg\" data-srcset=\"https:\/\/eldiariodesanpedro.com.ar\/sitio\/wp-content\/uploads\/2026\/04\/685390664_1550248077100314_2628135000055737083_n.jpg 947w, https:\/\/eldiariodesanpedro.com.ar\/sitio\/wp-content\/uploads\/2026\/04\/685390664_1550248077100314_2628135000055737083_n-300x200.jpg 300w, https:\/\/eldiariodesanpedro.com.ar\/sitio\/wp-content\/uploads\/2026\/04\/685390664_1550248077100314_2628135000055737083_n-768x511.jpg 768w\" data-sizes=\"(max-width: 947px) 100vw, 947px\" src=\"data:image\/svg+xml;base64,PHN2ZyB3aWR0aD0iMSIgaGVpZ2h0PSIxIiB4bWxucz0iaHR0cDovL3d3dy53My5vcmcvMjAwMC9zdmciPjwvc3ZnPg==\" style=\"--smush-placeholder-width: 947px; --smush-placeholder-aspect-ratio: 947\/630;\" \/><\/figure><\/li><li class=\"wp-block-jetpack-slideshow_slide swiper-slide\"><figure><img decoding=\"async\" width=\"840\" height=\"630\" alt=\"\" class=\"wp-block-jetpack-slideshow_image wp-image-150381 lazyload\" data-id=\"150381\" data-aspect-ratio=\"840 \/ 630\" data-src=\"https:\/\/eldiariodesanpedro.com.ar\/sitio\/wp-content\/uploads\/2026\/04\/683327199_1550248113766977_4501483709220114223_n.jpg\" data-srcset=\"https:\/\/eldiariodesanpedro.com.ar\/sitio\/wp-content\/uploads\/2026\/04\/683327199_1550248113766977_4501483709220114223_n.jpg 840w, https:\/\/eldiariodesanpedro.com.ar\/sitio\/wp-content\/uploads\/2026\/04\/683327199_1550248113766977_4501483709220114223_n-300x225.jpg 300w, https:\/\/eldiariodesanpedro.com.ar\/sitio\/wp-content\/uploads\/2026\/04\/683327199_1550248113766977_4501483709220114223_n-768x576.jpg 768w, https:\/\/eldiariodesanpedro.com.ar\/sitio\/wp-content\/uploads\/2026\/04\/683327199_1550248113766977_4501483709220114223_n-272x204.jpg 272w\" data-sizes=\"(max-width: 840px) 100vw, 840px\" src=\"data:image\/svg+xml;base64,PHN2ZyB3aWR0aD0iMSIgaGVpZ2h0PSIxIiB4bWxucz0iaHR0cDovL3d3dy53My5vcmcvMjAwMC9zdmciPjwvc3ZnPg==\" style=\"--smush-placeholder-width: 840px; --smush-placeholder-aspect-ratio: 840\/630;\" \/><\/figure><\/li><\/ul><a class=\"wp-block-jetpack-slideshow_button-prev swiper-button-prev swiper-button-white\" role=\"button\"><\/a><a class=\"wp-block-jetpack-slideshow_button-next swiper-button-next swiper-button-white\" role=\"button\"><\/a><a aria-label=\"Pause Slideshow\" class=\"wp-block-jetpack-slideshow_button-pause\" role=\"button\"><\/a><div class=\"wp-block-jetpack-slideshow_pagination swiper-pagination swiper-pagination-white\"><\/div><\/div><\/div>\n","protected":false},"excerpt":{"rendered":"<p>Jefes comunales y funcionarios provinciales reclamaron una deuda superior a 220.000 millones de pesos vinculada al financiamiento del SAE. El intendente Cecilio Salazar, junto a otros jefes comunales bonaerenses y ministros provinciales, particip\u00f3 de una presentaci\u00f3n formal ante el Ministerio de Capital Humano para exigir el pago de una deuda que supera los 220.000 millones [&hellip;]<\/p>\n","protected":false},"author":4,"featured_media":150383,"comment_status":"closed","ping_status":"closed","sticky":false,"template":"","format":"standard","meta":{"om_disable_all_campaigns":false,"_jetpack_memberships_contains_paid_content":false,"footnotes":""},"categories":[2],"tags":[],"class_list":["post-150379","post","type-post","status-publish","format-standard","has-post-thumbnail","hentry","category-locales"],"aioseo_notices":[],"gutentor_comment":0,"jetpack_featured_media_url":"https:\/\/eldiariodesanpedro.com.ar\/sitio\/wp-content\/uploads\/2026\/04\/686345400_1550248150433640_6357619119138028940_n.jpg","jetpack_shortlink":"https:\/\/wp.me\/p6RhLt-D7t","jetpack_sharing_enabled":true,"_links":{"self":[{"href":"https:\/\/eldiariodesanpedro.com.ar\/sitio\/wp-json\/wp\/v2\/posts\/150379","targetHints":{"allow":["GET"]}}],"collection":[{"href":"https:\/\/eldiariodesanpedro.com.ar\/sitio\/wp-json\/wp\/v2\/posts"}],"about":[{"href":"https:\/\/eldiariodesanpedro.com.ar\/sitio\/wp-json\/wp\/v2\/types\/post"}],"author":[{"embeddable":true,"href":"https:\/\/eldiariodesanpedro.com.ar\/sitio\/wp-json\/wp\/v2\/users\/4"}],"replies":[{"embeddable":true,"href":"https:\/\/eldiariodesanpedro.com.ar\/sitio\/wp-json\/wp\/v2\/comments?post=150379"}],"version-history":[{"count":1,"href":"https:\/\/eldiariodesanpedro.com.ar\/sitio\/wp-json\/wp\/v2\/posts\/150379\/revisions"}],"predecessor-version":[{"id":150384,"href":"https:\/\/eldiariodesanpedro.com.ar\/sitio\/wp-json\/wp\/v2\/posts\/150379\/revisions\/150384"}],"wp:featuredmedia":[{"embeddable":true,"href":"https:\/\/eldiariodesanpedro.com.ar\/sitio\/wp-json\/wp\/v2\/media\/150383"}],"wp:attachment":[{"href":"https:\/\/eldiariodesanpedro.com.ar\/sitio\/wp-json\/wp\/v2\/media?parent=150379"}],"wp:term":[{"taxonomy":"category","embeddable":true,"href":"https:\/\/eldiariodesanpedro.com.ar\/sitio\/wp-json\/wp\/v2\/categories?post=150379"},{"taxonomy":"post_tag","embeddable":true,"href":"https:\/\/eldiariodesanpedro.com.ar\/sitio\/wp-json\/wp\/v2\/tags?post=150379"}],"curies":[{"name":"wp","href":"https:\/\/api.w.org\/{rel}","templated":true}]}}