{"id":150371,"date":"2026-04-29T16:41:59","date_gmt":"2026-04-29T19:41:59","guid":{"rendered":"https:\/\/eldiariodesanpedro.com.ar\/sitio\/?p=150371"},"modified":"2026-04-29T16:42:03","modified_gmt":"2026-04-29T19:42:03","slug":"san-pedro-fue-sede-de-un-taller-de-meteorologia-para-el-sistema-de-emergencias","status":"publish","type":"post","link":"https:\/\/eldiariodesanpedro.com.ar\/sitio\/san-pedro-fue-sede-de-un-taller-de-meteorologia-para-el-sistema-de-emergencias\/","title":{"rendered":"San Pedro fue sede de un taller de meteorolog\u00eda para el sistema de emergencias"},"content":{"rendered":"<!-- VideographyWP Plugin Message: Automatic video embedding prevented by plugin options. -->\n\n<p><em>La capacitaci\u00f3n reuni\u00f3 a equipos de distintos municipios para mejorar la prevenci\u00f3n y la respuesta ante situaciones de riesgo.<\/em><\/p>\n\n\n\n<p>La Direcci\u00f3n Municipal de Defensa Civil, en conjunto con la Direcci\u00f3n Provincial de Defensa Civil, desarroll\u00f3 un <strong>taller de meteorolog\u00eda orientado al sistema de emergencias<\/strong> en el <strong>Sal\u00f3n Dorado del Palacio Municipal<\/strong>. La actividad tuvo como objetivo fortalecer la <strong>capacitaci\u00f3n, planificaci\u00f3n y prevenci\u00f3n<\/strong> de los equipos que intervienen ante situaciones cr\u00edticas.<\/p>\n\n\n\n<p>Participaron <strong>delegaciones de Defensa Civil de Moreno, Ramallo, Arrecifes y Bragado<\/strong>, adem\u00e1s de representantes locales vinculados al sistema de emergencias. Durante la jornada estuvieron presentes la <strong>Directora Provincial de Capacitaci\u00f3n, Vanesa Miseri<\/strong>, el <strong>Director Municipal de Defensa Civil, Fabio Giovanettoni<\/strong>, y el <strong>presidente del Honorable Concejo Deliberante, Mart\u00edn Baraybar<\/strong>.<\/p>\n\n\n\n<p>En la apertura se remarc\u00f3 la importancia del <strong>trabajo articulado entre el municipio y la Provincia de Buenos Aires<\/strong>, especialmente en materia de formaci\u00f3n y preparaci\u00f3n ante contingencias. Tambi\u00e9n se transmiti\u00f3 el saludo del <strong>intendente Cecilio Salazar<\/strong> y se destac\u00f3 la continuidad de pol\u00edticas destinadas a mejorar la capacidad de respuesta ante eventuales emergencias.<\/p>\n\n\n\n<p>El encuentro form\u00f3 parte de una instancia presencial complementaria de una capacitaci\u00f3n previa desarrollada en modalidad virtual. El eje estuvo puesto en el <strong>uso de informaci\u00f3n meteorol\u00f3gica, sistemas de alerta temprana, monitoreo y an\u00e1lisis de datos<\/strong>, herramientas clave para la toma de decisiones en cada distrito.<\/p>\n\n\n\n<p>Desde Defensa Civil subrayaron adem\u00e1s el rol de los <strong>equipos t\u00e9cnicos especializados en la generaci\u00f3n de informaci\u00f3n meteorol\u00f3gica local<\/strong>, considerada fundamental para <strong>anticipar escenarios, organizar operativos y coordinar acciones preventivas<\/strong> en cada territorio.<\/p>\n\n\n\n<p>#SanPedro #DefensaCivil #Meteorolog\u00eda #Emergencias #Prevenci\u00f3n #Capacitaci\u00f3n #ProvinciaDeBuenosAires<\/p>\n\n\n\n<div class=\"wp-block-jetpack-slideshow aligncenter\" data-effect=\"slide\" style=\"--aspect-ratio:calc(946 \/ 630)\"><div class=\"wp-block-jetpack-slideshow_container swiper\"><ul class=\"wp-block-jetpack-slideshow_swiper-wrapper swiper-wrapper\"><li class=\"wp-block-jetpack-slideshow_slide swiper-slide\"><figure><img decoding=\"async\" width=\"946\" height=\"630\" alt=\"\" class=\"wp-block-jetpack-slideshow_image wp-image-150373 lazyload\" data-id=\"150373\" data-aspect-ratio=\"946 \/ 630\" data-src=\"https:\/\/eldiariodesanpedro.com.ar\/sitio\/wp-content\/uploads\/2026\/04\/WhatsApp-Image-2026-04-29-at-15.20.43.jpeg\" data-srcset=\"https:\/\/eldiariodesanpedro.com.ar\/sitio\/wp-content\/uploads\/2026\/04\/WhatsApp-Image-2026-04-29-at-15.20.43.jpeg 946w, https:\/\/eldiariodesanpedro.com.ar\/sitio\/wp-content\/uploads\/2026\/04\/WhatsApp-Image-2026-04-29-at-15.20.43-300x200.jpeg 300w, https:\/\/eldiariodesanpedro.com.ar\/sitio\/wp-content\/uploads\/2026\/04\/WhatsApp-Image-2026-04-29-at-15.20.43-768x511.jpeg 768w\" data-sizes=\"(max-width: 946px) 100vw, 946px\" src=\"data:image\/svg+xml;base64,PHN2ZyB3aWR0aD0iMSIgaGVpZ2h0PSIxIiB4bWxucz0iaHR0cDovL3d3dy53My5vcmcvMjAwMC9zdmciPjwvc3ZnPg==\" style=\"--smush-placeholder-width: 946px; --smush-placeholder-aspect-ratio: 946\/630;\" \/><\/figure><\/li><li class=\"wp-block-jetpack-slideshow_slide swiper-slide\"><figure><img decoding=\"async\" width=\"946\" height=\"630\" alt=\"\" class=\"wp-block-jetpack-slideshow_image wp-image-150374 lazyload\" data-id=\"150374\" data-aspect-ratio=\"946 \/ 630\" data-src=\"https:\/\/eldiariodesanpedro.com.ar\/sitio\/wp-content\/uploads\/2026\/04\/WhatsApp-Image-2026-04-29-at-15.20.44.jpeg\" data-srcset=\"https:\/\/eldiariodesanpedro.com.ar\/sitio\/wp-content\/uploads\/2026\/04\/WhatsApp-Image-2026-04-29-at-15.20.44.jpeg 946w, https:\/\/eldiariodesanpedro.com.ar\/sitio\/wp-content\/uploads\/2026\/04\/WhatsApp-Image-2026-04-29-at-15.20.44-300x200.jpeg 300w, https:\/\/eldiariodesanpedro.com.ar\/sitio\/wp-content\/uploads\/2026\/04\/WhatsApp-Image-2026-04-29-at-15.20.44-768x511.jpeg 768w\" data-sizes=\"(max-width: 946px) 100vw, 946px\" src=\"data:image\/svg+xml;base64,PHN2ZyB3aWR0aD0iMSIgaGVpZ2h0PSIxIiB4bWxucz0iaHR0cDovL3d3dy53My5vcmcvMjAwMC9zdmciPjwvc3ZnPg==\" style=\"--smush-placeholder-width: 946px; --smush-placeholder-aspect-ratio: 946\/630;\" \/><\/figure><\/li><li class=\"wp-block-jetpack-slideshow_slide swiper-slide\"><figure><img decoding=\"async\" width=\"946\" height=\"630\" alt=\"\" class=\"wp-block-jetpack-slideshow_image wp-image-150375 lazyload\" data-id=\"150375\" data-aspect-ratio=\"946 \/ 630\" data-src=\"https:\/\/eldiariodesanpedro.com.ar\/sitio\/wp-content\/uploads\/2026\/04\/WhatsApp-Image-2026-04-29-at-15.20.431.jpeg\" data-srcset=\"https:\/\/eldiariodesanpedro.com.ar\/sitio\/wp-content\/uploads\/2026\/04\/WhatsApp-Image-2026-04-29-at-15.20.431.jpeg 946w, https:\/\/eldiariodesanpedro.com.ar\/sitio\/wp-content\/uploads\/2026\/04\/WhatsApp-Image-2026-04-29-at-15.20.431-300x200.jpeg 300w, https:\/\/eldiariodesanpedro.com.ar\/sitio\/wp-content\/uploads\/2026\/04\/WhatsApp-Image-2026-04-29-at-15.20.431-768x511.jpeg 768w\" data-sizes=\"(max-width: 946px) 100vw, 946px\" src=\"data:image\/svg+xml;base64,PHN2ZyB3aWR0aD0iMSIgaGVpZ2h0PSIxIiB4bWxucz0iaHR0cDovL3d3dy53My5vcmcvMjAwMC9zdmciPjwvc3ZnPg==\" style=\"--smush-placeholder-width: 946px; --smush-placeholder-aspect-ratio: 946\/630;\" \/><\/figure><\/li><li class=\"wp-block-jetpack-slideshow_slide swiper-slide\"><figure><img decoding=\"async\" width=\"946\" height=\"630\" alt=\"\" class=\"wp-block-jetpack-slideshow_image wp-image-150376 lazyload\" data-id=\"150376\" data-aspect-ratio=\"946 \/ 630\" data-src=\"https:\/\/eldiariodesanpedro.com.ar\/sitio\/wp-content\/uploads\/2026\/04\/WhatsApp-Image-2026-04-29-at-15.20.432.jpeg\" data-srcset=\"https:\/\/eldiariodesanpedro.com.ar\/sitio\/wp-content\/uploads\/2026\/04\/WhatsApp-Image-2026-04-29-at-15.20.432.jpeg 946w, https:\/\/eldiariodesanpedro.com.ar\/sitio\/wp-content\/uploads\/2026\/04\/WhatsApp-Image-2026-04-29-at-15.20.432-300x200.jpeg 300w, https:\/\/eldiariodesanpedro.com.ar\/sitio\/wp-content\/uploads\/2026\/04\/WhatsApp-Image-2026-04-29-at-15.20.432-768x511.jpeg 768w\" data-sizes=\"(max-width: 946px) 100vw, 946px\" src=\"data:image\/svg+xml;base64,PHN2ZyB3aWR0aD0iMSIgaGVpZ2h0PSIxIiB4bWxucz0iaHR0cDovL3d3dy53My5vcmcvMjAwMC9zdmciPjwvc3ZnPg==\" style=\"--smush-placeholder-width: 946px; --smush-placeholder-aspect-ratio: 946\/630;\" \/><\/figure><\/li><li class=\"wp-block-jetpack-slideshow_slide swiper-slide\"><figure><img decoding=\"async\" width=\"946\" height=\"630\" alt=\"\" class=\"wp-block-jetpack-slideshow_image wp-image-150377 lazyload\" data-id=\"150377\" data-aspect-ratio=\"946 \/ 630\" data-src=\"https:\/\/eldiariodesanpedro.com.ar\/sitio\/wp-content\/uploads\/2026\/04\/WhatsApp-Image-2026-04-29-at-15.20.441.jpeg\" data-srcset=\"https:\/\/eldiariodesanpedro.com.ar\/sitio\/wp-content\/uploads\/2026\/04\/WhatsApp-Image-2026-04-29-at-15.20.441.jpeg 946w, https:\/\/eldiariodesanpedro.com.ar\/sitio\/wp-content\/uploads\/2026\/04\/WhatsApp-Image-2026-04-29-at-15.20.441-300x200.jpeg 300w, https:\/\/eldiariodesanpedro.com.ar\/sitio\/wp-content\/uploads\/2026\/04\/WhatsApp-Image-2026-04-29-at-15.20.441-768x511.jpeg 768w\" data-sizes=\"(max-width: 946px) 100vw, 946px\" src=\"data:image\/svg+xml;base64,PHN2ZyB3aWR0aD0iMSIgaGVpZ2h0PSIxIiB4bWxucz0iaHR0cDovL3d3dy53My5vcmcvMjAwMC9zdmciPjwvc3ZnPg==\" style=\"--smush-placeholder-width: 946px; --smush-placeholder-aspect-ratio: 946\/630;\" \/><\/figure><\/li><\/ul><a class=\"wp-block-jetpack-slideshow_button-prev swiper-button-prev swiper-button-white\" role=\"button\"><\/a><a class=\"wp-block-jetpack-slideshow_button-next swiper-button-next swiper-button-white\" role=\"button\"><\/a><a aria-label=\"Pause Slideshow\" class=\"wp-block-jetpack-slideshow_button-pause\" role=\"button\"><\/a><div class=\"wp-block-jetpack-slideshow_pagination swiper-pagination swiper-pagination-white\"><\/div><\/div><\/div>\n","protected":false},"excerpt":{"rendered":"<p>La capacitaci\u00f3n reuni\u00f3 a equipos de distintos municipios para mejorar la prevenci\u00f3n y la respuesta ante situaciones de riesgo. La Direcci\u00f3n Municipal de Defensa Civil, en conjunto con la Direcci\u00f3n Provincial de Defensa Civil, desarroll\u00f3 un taller de meteorolog\u00eda orientado al sistema de emergencias en el Sal\u00f3n Dorado del Palacio Municipal. La actividad tuvo como [&hellip;]<\/p>\n","protected":false},"author":4,"featured_media":150372,"comment_status":"closed","ping_status":"closed","sticky":false,"template":"","format":"standard","meta":{"om_disable_all_campaigns":false,"_jetpack_memberships_contains_paid_content":false,"footnotes":""},"categories":[101,2],"tags":[10534],"class_list":["post-150371","post","type-post","status-publish","format-standard","has-post-thumbnail","hentry","category-interes-general-locales","category-locales","tag-meteorologia"],"aioseo_notices":[],"gutentor_comment":0,"jetpack_featured_media_url":"https:\/\/eldiariodesanpedro.com.ar\/sitio\/wp-content\/uploads\/2026\/04\/meteorologia.jpg","jetpack_shortlink":"https:\/\/wp.me\/p6RhLt-D7l","jetpack_sharing_enabled":true,"_links":{"self":[{"href":"https:\/\/eldiariodesanpedro.com.ar\/sitio\/wp-json\/wp\/v2\/posts\/150371","targetHints":{"allow":["GET"]}}],"collection":[{"href":"https:\/\/eldiariodesanpedro.com.ar\/sitio\/wp-json\/wp\/v2\/posts"}],"about":[{"href":"https:\/\/eldiariodesanpedro.com.ar\/sitio\/wp-json\/wp\/v2\/types\/post"}],"author":[{"embeddable":true,"href":"https:\/\/eldiariodesanpedro.com.ar\/sitio\/wp-json\/wp\/v2\/users\/4"}],"replies":[{"embeddable":true,"href":"https:\/\/eldiariodesanpedro.com.ar\/sitio\/wp-json\/wp\/v2\/comments?post=150371"}],"version-history":[{"count":1,"href":"https:\/\/eldiariodesanpedro.com.ar\/sitio\/wp-json\/wp\/v2\/posts\/150371\/revisions"}],"predecessor-version":[{"id":150378,"href":"https:\/\/eldiariodesanpedro.com.ar\/sitio\/wp-json\/wp\/v2\/posts\/150371\/revisions\/150378"}],"wp:featuredmedia":[{"embeddable":true,"href":"https:\/\/eldiariodesanpedro.com.ar\/sitio\/wp-json\/wp\/v2\/media\/150372"}],"wp:attachment":[{"href":"https:\/\/eldiariodesanpedro.com.ar\/sitio\/wp-json\/wp\/v2\/media?parent=150371"}],"wp:term":[{"taxonomy":"category","embeddable":true,"href":"https:\/\/eldiariodesanpedro.com.ar\/sitio\/wp-json\/wp\/v2\/categories?post=150371"},{"taxonomy":"post_tag","embeddable":true,"href":"https:\/\/eldiariodesanpedro.com.ar\/sitio\/wp-json\/wp\/v2\/tags?post=150371"}],"curies":[{"name":"wp","href":"https:\/\/api.w.org\/{rel}","templated":true}]}}