{"id":150363,"date":"2026-04-29T16:23:05","date_gmt":"2026-04-29T19:23:05","guid":{"rendered":"https:\/\/eldiariodesanpedro.com.ar\/sitio\/?p=150363"},"modified":"2026-04-29T16:35:27","modified_gmt":"2026-04-29T19:35:27","slug":"realizan-trabajos-de-reparacion-de-calzada-en-la-zona-de-plaza-martin-fierro","status":"publish","type":"post","link":"https:\/\/eldiariodesanpedro.com.ar\/sitio\/realizan-trabajos-de-reparacion-de-calzada-en-la-zona-de-plaza-martin-fierro\/","title":{"rendered":"Realizan trabajos de reparaci\u00f3n de calzada en la zona de Plaza Mart\u00edn Fierro"},"content":{"rendered":"<!-- VideographyWP Plugin Message: Automatic video embedding prevented by plugin options. -->\n\n<p><\/p>\n\n\n\n<p>La intervenci\u00f3n incluye reparaci\u00f3n de hormig\u00f3n y se extender\u00e1 por aproximadamente una semana, con cortes parciales y tr\u00e1nsito reducido.<\/p>\n\n\n\n<p>La <strong>Secretar\u00eda de Servicios P\u00fablicos<\/strong> lleva adelante <strong>trabajos de reparaci\u00f3n de calzada en la zona de la Plaza Mart\u00edn Fierro<\/strong>, mediante una intervenci\u00f3n de <strong>hormig\u00f3n m\u00e1s profunda que el bacheo habitual<\/strong> que se realiza en distintos puntos de la ciudad.<\/p>\n\n\n\n<p>Seg\u00fan se inform\u00f3, este tipo de tareas ya fue aplicado en <strong>Mois\u00e9s Novillo y avenida Sarmiento<\/strong>, y forma parte de un esquema de mejoras progresivas que continuar\u00e1 en otros sectores. Entre los pr\u00f3ximos puntos previstos se encuentran <strong>Almafuerte y Beruti, en barrio Los Aromos<\/strong>, adem\u00e1s de la <strong>zona de la Escuela N\u00b03<\/strong>.<\/p>\n\n\n\n<p>Las labores tendr\u00e1n una duraci\u00f3n estimada de <strong>una semana<\/strong>, durante la cual se registrar\u00e1n <strong>restricciones parciales en la circulaci\u00f3n vehicular<\/strong>. Por este motivo, se solicita a los vecinos <strong>transitar con precauci\u00f3n<\/strong> mientras avanzan los trabajos.<\/p>\n\n\n\n<p>#ObrasPublicas #ReparacionDeCalles #ServiciosPublicos #Infraestructura #Transito #MejorasUrbanas<\/p>\n\n\n\n<div class=\"wp-block-jetpack-slideshow aligncenter\" data-effect=\"slide\" style=\"--aspect-ratio:calc(946 \/ 630)\"><div class=\"wp-block-jetpack-slideshow_container swiper\"><ul class=\"wp-block-jetpack-slideshow_swiper-wrapper swiper-wrapper\"><li class=\"wp-block-jetpack-slideshow_slide swiper-slide\"><figure><img decoding=\"async\" width=\"946\" height=\"630\" alt=\"\" class=\"wp-block-jetpack-slideshow_image wp-image-150364 lazyload\" data-id=\"150364\" data-aspect-ratio=\"946 \/ 630\" data-src=\"https:\/\/eldiariodesanpedro.com.ar\/sitio\/wp-content\/uploads\/2026\/04\/WhatsApp-Image-2026-04-29-at-13.24.30.jpeg\" data-srcset=\"https:\/\/eldiariodesanpedro.com.ar\/sitio\/wp-content\/uploads\/2026\/04\/WhatsApp-Image-2026-04-29-at-13.24.30.jpeg 946w, https:\/\/eldiariodesanpedro.com.ar\/sitio\/wp-content\/uploads\/2026\/04\/WhatsApp-Image-2026-04-29-at-13.24.30-300x200.jpeg 300w, https:\/\/eldiariodesanpedro.com.ar\/sitio\/wp-content\/uploads\/2026\/04\/WhatsApp-Image-2026-04-29-at-13.24.30-768x511.jpeg 768w\" data-sizes=\"(max-width: 946px) 100vw, 946px\" src=\"data:image\/svg+xml;base64,PHN2ZyB3aWR0aD0iMSIgaGVpZ2h0PSIxIiB4bWxucz0iaHR0cDovL3d3dy53My5vcmcvMjAwMC9zdmciPjwvc3ZnPg==\" style=\"--smush-placeholder-width: 946px; --smush-placeholder-aspect-ratio: 946\/630;\" \/><\/figure><\/li><li class=\"wp-block-jetpack-slideshow_slide swiper-slide\"><figure><img decoding=\"async\" width=\"946\" height=\"630\" alt=\"\" class=\"wp-block-jetpack-slideshow_image wp-image-150365 lazyload\" data-id=\"150365\" data-aspect-ratio=\"946 \/ 630\" data-src=\"https:\/\/eldiariodesanpedro.com.ar\/sitio\/wp-content\/uploads\/2026\/04\/WhatsApp-Image-2026-04-29-at-13.24.31.jpeg\" data-srcset=\"https:\/\/eldiariodesanpedro.com.ar\/sitio\/wp-content\/uploads\/2026\/04\/WhatsApp-Image-2026-04-29-at-13.24.31.jpeg 946w, https:\/\/eldiariodesanpedro.com.ar\/sitio\/wp-content\/uploads\/2026\/04\/WhatsApp-Image-2026-04-29-at-13.24.31-300x200.jpeg 300w, https:\/\/eldiariodesanpedro.com.ar\/sitio\/wp-content\/uploads\/2026\/04\/WhatsApp-Image-2026-04-29-at-13.24.31-768x511.jpeg 768w\" data-sizes=\"(max-width: 946px) 100vw, 946px\" src=\"data:image\/svg+xml;base64,PHN2ZyB3aWR0aD0iMSIgaGVpZ2h0PSIxIiB4bWxucz0iaHR0cDovL3d3dy53My5vcmcvMjAwMC9zdmciPjwvc3ZnPg==\" style=\"--smush-placeholder-width: 946px; --smush-placeholder-aspect-ratio: 946\/630;\" \/><\/figure><\/li><li class=\"wp-block-jetpack-slideshow_slide swiper-slide\"><figure><img decoding=\"async\" width=\"946\" height=\"630\" alt=\"\" class=\"wp-block-jetpack-slideshow_image wp-image-150366 lazyload\" data-id=\"150366\" data-aspect-ratio=\"946 \/ 630\" data-src=\"https:\/\/eldiariodesanpedro.com.ar\/sitio\/wp-content\/uploads\/2026\/04\/WhatsApp-Image-2026-04-29-at-13.24.301.jpeg\" data-srcset=\"https:\/\/eldiariodesanpedro.com.ar\/sitio\/wp-content\/uploads\/2026\/04\/WhatsApp-Image-2026-04-29-at-13.24.301.jpeg 946w, https:\/\/eldiariodesanpedro.com.ar\/sitio\/wp-content\/uploads\/2026\/04\/WhatsApp-Image-2026-04-29-at-13.24.301-300x200.jpeg 300w, https:\/\/eldiariodesanpedro.com.ar\/sitio\/wp-content\/uploads\/2026\/04\/WhatsApp-Image-2026-04-29-at-13.24.301-768x511.jpeg 768w\" data-sizes=\"(max-width: 946px) 100vw, 946px\" src=\"data:image\/svg+xml;base64,PHN2ZyB3aWR0aD0iMSIgaGVpZ2h0PSIxIiB4bWxucz0iaHR0cDovL3d3dy53My5vcmcvMjAwMC9zdmciPjwvc3ZnPg==\" style=\"--smush-placeholder-width: 946px; --smush-placeholder-aspect-ratio: 946\/630;\" \/><\/figure><\/li><li class=\"wp-block-jetpack-slideshow_slide swiper-slide\"><figure><img decoding=\"async\" width=\"946\" height=\"630\" alt=\"\" class=\"wp-block-jetpack-slideshow_image wp-image-150367 lazyload\" data-id=\"150367\" data-aspect-ratio=\"946 \/ 630\" data-src=\"https:\/\/eldiariodesanpedro.com.ar\/sitio\/wp-content\/uploads\/2026\/04\/WhatsApp-Image-2026-04-29-at-13.24.311.jpeg\" data-srcset=\"https:\/\/eldiariodesanpedro.com.ar\/sitio\/wp-content\/uploads\/2026\/04\/WhatsApp-Image-2026-04-29-at-13.24.311.jpeg 946w, https:\/\/eldiariodesanpedro.com.ar\/sitio\/wp-content\/uploads\/2026\/04\/WhatsApp-Image-2026-04-29-at-13.24.311-300x200.jpeg 300w, https:\/\/eldiariodesanpedro.com.ar\/sitio\/wp-content\/uploads\/2026\/04\/WhatsApp-Image-2026-04-29-at-13.24.311-768x511.jpeg 768w\" data-sizes=\"(max-width: 946px) 100vw, 946px\" src=\"data:image\/svg+xml;base64,PHN2ZyB3aWR0aD0iMSIgaGVpZ2h0PSIxIiB4bWxucz0iaHR0cDovL3d3dy53My5vcmcvMjAwMC9zdmciPjwvc3ZnPg==\" style=\"--smush-placeholder-width: 946px; --smush-placeholder-aspect-ratio: 946\/630;\" \/><\/figure><\/li><\/ul><a class=\"wp-block-jetpack-slideshow_button-prev swiper-button-prev swiper-button-white\" role=\"button\"><\/a><a class=\"wp-block-jetpack-slideshow_button-next swiper-button-next swiper-button-white\" role=\"button\"><\/a><a aria-label=\"Pause Slideshow\" class=\"wp-block-jetpack-slideshow_button-pause\" role=\"button\"><\/a><div class=\"wp-block-jetpack-slideshow_pagination swiper-pagination swiper-pagination-white\"><\/div><\/div><\/div>\n","protected":false},"excerpt":{"rendered":"<p>La intervenci\u00f3n incluye reparaci\u00f3n de hormig\u00f3n y se extender\u00e1 por aproximadamente una semana, con cortes parciales y tr\u00e1nsito reducido. La Secretar\u00eda de Servicios P\u00fablicos lleva adelante trabajos de reparaci\u00f3n de calzada en la zona de la Plaza Mart\u00edn Fierro, mediante una intervenci\u00f3n de hormig\u00f3n m\u00e1s profunda que el bacheo habitual que se realiza en distintos [&hellip;]<\/p>\n","protected":false},"author":4,"featured_media":150364,"comment_status":"closed","ping_status":"closed","sticky":false,"template":"","format":"standard","meta":{"om_disable_all_campaigns":false,"_jetpack_memberships_contains_paid_content":false,"footnotes":""},"categories":[50,101,2],"tags":[10529,10533,10528,8193,10532,4102,10530,7449,6880,10531],"class_list":["post-150363","post","type-post","status-publish","format-standard","has-post-thumbnail","hentry","category-destacadas","category-interes-general-locales","category-locales","tag-arreglo-de-calles","tag-bacheo","tag-hormigon","tag-infraestructura-urbana","tag-mejoras-urbanas","tag-obras-publicas","tag-plaza-martin-fierro","tag-reparacion-de-calzada","tag-secretaria-de-servicios-publicos","tag-transito-reducido"],"aioseo_notices":[],"gutentor_comment":0,"jetpack_featured_media_url":"https:\/\/eldiariodesanpedro.com.ar\/sitio\/wp-content\/uploads\/2026\/04\/WhatsApp-Image-2026-04-29-at-13.24.30.jpeg","jetpack_shortlink":"https:\/\/wp.me\/p6RhLt-D7d","jetpack_sharing_enabled":true,"_links":{"self":[{"href":"https:\/\/eldiariodesanpedro.com.ar\/sitio\/wp-json\/wp\/v2\/posts\/150363","targetHints":{"allow":["GET"]}}],"collection":[{"href":"https:\/\/eldiariodesanpedro.com.ar\/sitio\/wp-json\/wp\/v2\/posts"}],"about":[{"href":"https:\/\/eldiariodesanpedro.com.ar\/sitio\/wp-json\/wp\/v2\/types\/post"}],"author":[{"embeddable":true,"href":"https:\/\/eldiariodesanpedro.com.ar\/sitio\/wp-json\/wp\/v2\/users\/4"}],"replies":[{"embeddable":true,"href":"https:\/\/eldiariodesanpedro.com.ar\/sitio\/wp-json\/wp\/v2\/comments?post=150363"}],"version-history":[{"count":3,"href":"https:\/\/eldiariodesanpedro.com.ar\/sitio\/wp-json\/wp\/v2\/posts\/150363\/revisions"}],"predecessor-version":[{"id":150370,"href":"https:\/\/eldiariodesanpedro.com.ar\/sitio\/wp-json\/wp\/v2\/posts\/150363\/revisions\/150370"}],"wp:featuredmedia":[{"embeddable":true,"href":"https:\/\/eldiariodesanpedro.com.ar\/sitio\/wp-json\/wp\/v2\/media\/150364"}],"wp:attachment":[{"href":"https:\/\/eldiariodesanpedro.com.ar\/sitio\/wp-json\/wp\/v2\/media?parent=150363"}],"wp:term":[{"taxonomy":"category","embeddable":true,"href":"https:\/\/eldiariodesanpedro.com.ar\/sitio\/wp-json\/wp\/v2\/categories?post=150363"},{"taxonomy":"post_tag","embeddable":true,"href":"https:\/\/eldiariodesanpedro.com.ar\/sitio\/wp-json\/wp\/v2\/tags?post=150363"}],"curies":[{"name":"wp","href":"https:\/\/api.w.org\/{rel}","templated":true}]}}