{"id":15036,"date":"2017-02-19T20:31:59","date_gmt":"2017-02-19T23:31:59","guid":{"rendered":"https:\/\/eldiariodesanpedro.com.ar\/sitio\/?p=15036"},"modified":"2026-01-24T00:31:00","modified_gmt":"2026-01-24T03:31:00","slug":"futbol-nacional-matias-budino-defiende-el-arco-de-sportivo-dock-sud","status":"publish","type":"post","link":"https:\/\/eldiariodesanpedro.com.ar\/sitio\/futbol-nacional-matias-budino-defiende-el-arco-de-sportivo-dock-sud\/","title":{"rendered":"F\u00daTBOL NACIONAL: Mat\u00edas Budi\u00f1o defiende el arco de Sportivo Dock Sud"},"content":{"rendered":"<p><!-- VideographyWP Plugin Message: Automatic video embedding prevented by plugin options. --><br \/>\nEl arquero sampedrino, ex El Tanque\/Los Andes en el f\u00fatbol infantil y Tablense y La Esperanza de nuestra ciudad donde debut\u00f3 en la primera local, Ferro de Caballito en sus comienzos en AFA, luego de hacer en dos periodos las inferiores en Boca Juniors donde lleg\u00f3 a atajar en reserva en 2015, lleg\u00f3 a mediados de 2016 luego de no hacer contrato con el xeneize a Sportivo Dock Sud, equipo con mucha tradici\u00f3n que milita en el f\u00fatbol de ascenso en AFA y a la espera de una salida a un club de categor\u00eda superior, se encuentra como titular, donde se encuentran jugando partidos amistosos de cara a la reanudaci\u00f3n del torneo. <\/p>\n<p>Fue suspendido un partido ante Temperley por las condiciones meteorol\u00f3gicas adversas. <\/p>\n<p>Antes lo hicieron ante la reserva de San Lorenzo, Nueva Chicago, reserva de Independiente y Almirante Brown, entre otros, con presencia de Mat\u00edas en el arco de los titulares.<\/p>\n<p>Mat\u00edas Budi\u00f1o, nacido el 03.07.1995, es otro de los sampedrinos que buscan su lugar en el f\u00fatbol profesional, un gran arquero, mejor persona.  <\/p>\n","protected":false},"excerpt":{"rendered":"<p>El arquero sampedrino, ex El Tanque\/Los Andes en el f\u00fatbol infantil y Tablense y La Esperanza de nuestra ciudad donde debut\u00f3 en la primera local, Ferro de Caballito en sus comienzos en AFA, luego de hacer en dos periodos las inferiores en Boca Juniors donde lleg\u00f3 a atajar en reserva en 2015, lleg\u00f3 a mediados [&hellip;]<\/p>\n","protected":false},"author":4,"featured_media":15037,"comment_status":"open","ping_status":"closed","sticky":false,"template":"","format":"standard","meta":{"om_disable_all_campaigns":false,"_jetpack_memberships_contains_paid_content":false,"footnotes":""},"categories":[5],"tags":[],"class_list":["post-15036","post","type-post","status-publish","format-standard","has-post-thumbnail","hentry","category-deportes"],"aioseo_notices":[],"gutentor_comment":0,"jetpack_featured_media_url":"https:\/\/eldiariodesanpedro.com.ar\/sitio\/wp-content\/uploads\/2017\/02\/Mat\u00edas-Budi\u00f1o-en-un-gran-momento..jpg","jetpack_shortlink":"https:\/\/wp.me\/p6RhLt-3Uw","jetpack_sharing_enabled":true,"_links":{"self":[{"href":"https:\/\/eldiariodesanpedro.com.ar\/sitio\/wp-json\/wp\/v2\/posts\/15036","targetHints":{"allow":["GET"]}}],"collection":[{"href":"https:\/\/eldiariodesanpedro.com.ar\/sitio\/wp-json\/wp\/v2\/posts"}],"about":[{"href":"https:\/\/eldiariodesanpedro.com.ar\/sitio\/wp-json\/wp\/v2\/types\/post"}],"author":[{"embeddable":true,"href":"https:\/\/eldiariodesanpedro.com.ar\/sitio\/wp-json\/wp\/v2\/users\/4"}],"replies":[{"embeddable":true,"href":"https:\/\/eldiariodesanpedro.com.ar\/sitio\/wp-json\/wp\/v2\/comments?post=15036"}],"version-history":[{"count":1,"href":"https:\/\/eldiariodesanpedro.com.ar\/sitio\/wp-json\/wp\/v2\/posts\/15036\/revisions"}],"predecessor-version":[{"id":15038,"href":"https:\/\/eldiariodesanpedro.com.ar\/sitio\/wp-json\/wp\/v2\/posts\/15036\/revisions\/15038"}],"wp:featuredmedia":[{"embeddable":true,"href":"https:\/\/eldiariodesanpedro.com.ar\/sitio\/wp-json\/wp\/v2\/media\/15037"}],"wp:attachment":[{"href":"https:\/\/eldiariodesanpedro.com.ar\/sitio\/wp-json\/wp\/v2\/media?parent=15036"}],"wp:term":[{"taxonomy":"category","embeddable":true,"href":"https:\/\/eldiariodesanpedro.com.ar\/sitio\/wp-json\/wp\/v2\/categories?post=15036"},{"taxonomy":"post_tag","embeddable":true,"href":"https:\/\/eldiariodesanpedro.com.ar\/sitio\/wp-json\/wp\/v2\/tags?post=15036"}],"curies":[{"name":"wp","href":"https:\/\/api.w.org\/{rel}","templated":true}]}}