{"id":150359,"date":"2026-04-29T16:10:37","date_gmt":"2026-04-29T19:10:37","guid":{"rendered":"https:\/\/eldiariodesanpedro.com.ar\/sitio\/?p=150359"},"modified":"2026-04-29T16:10:42","modified_gmt":"2026-04-29T19:10:42","slug":"realizaran-una-jornada-de-fortalecimiento-emprendedor-y-laboral","status":"publish","type":"post","link":"https:\/\/eldiariodesanpedro.com.ar\/sitio\/realizaran-una-jornada-de-fortalecimiento-emprendedor-y-laboral\/","title":{"rendered":"Realizar\u00e1n una jornada de fortalecimiento emprendedor y laboral"},"content":{"rendered":"<!-- VideographyWP Plugin Message: Automatic video embedding prevented by plugin options. -->\n\n<p>La actividad ser\u00e1 este jueves en Santa Luc\u00eda, con asesoramiento gratuito, capacitaciones y acceso a programas para vecinos y emprendedores.<\/p>\n\n\n\n<p>Este <strong>jueves 30 desde las 09.00<\/strong>, se llevar\u00e1 a cabo una <strong>jornada de fortalecimiento emprendedor y laboral<\/strong> en la <strong>Delegaci\u00f3n de Santa Luc\u00eda<\/strong>, impulsada por la <strong>Secretar\u00eda de Desarrollo Econ\u00f3mico<\/strong>.<\/p>\n\n\n\n<p>Durante la actividad, se brindar\u00e1 <strong>asesoramiento integral y gratuito<\/strong> orientado a mejorar las oportunidades de empleo y potenciar proyectos productivos. Entre los servicios disponibles se incluyen el <strong>armado y revisi\u00f3n de curr\u00edculum vitae<\/strong>, <strong>orientaci\u00f3n laboral personalizada<\/strong>, y <strong>acompa\u00f1amiento a emprendedores<\/strong> que buscan consolidar o expandir sus iniciativas.<\/p>\n\n\n\n<p>Adem\u00e1s, los asistentes podr\u00e1n acceder a <strong>informaci\u00f3n sobre l\u00edneas de cr\u00e9dito vigentes<\/strong>, <strong>gu\u00eda para la realizaci\u00f3n de tr\u00e1mites<\/strong>, y <strong>orientaci\u00f3n para la formalizaci\u00f3n de emprendimientos<\/strong>, as\u00ed como tambi\u00e9n conocer las <strong>capacitaciones disponibles seg\u00fan cada perfil<\/strong>.<\/p>\n\n\n\n<p>La propuesta apunta a <strong>acercar herramientas concretas del Estado municipal a los vecinos<\/strong>, facilitando el acceso a recursos y programas que contribuyan al <strong>desarrollo econ\u00f3mico local<\/strong>.<\/p>\n\n\n\n<p>#Empleo #Emprendedores #Capacitaci\u00f3n #Trabajo #DesarrolloEcon\u00f3mico #SantaLuc\u00eda #Oportunidades #Econom\u00edaLocal<\/p>\n\n\n<div class=\"wp-block-image\">\n<figure class=\"aligncenter size-full\"><img decoding=\"async\" width=\"504\" height=\"630\" data-attachment-id=\"150360\" data-permalink=\"https:\/\/eldiariodesanpedro.com.ar\/sitio\/realizaran-una-jornada-de-fortalecimiento-emprendedor-y-laboral\/whatsapp-image-2026-04-29-at-12-22-21\/\" data-orig-file=\"https:\/\/eldiariodesanpedro.com.ar\/sitio\/wp-content\/uploads\/2026\/04\/WhatsApp-Image-2026-04-29-at-12.22.21.jpeg\" data-orig-size=\"504,630\" data-comments-opened=\"0\" data-image-meta=\"{&quot;aperture&quot;:&quot;0&quot;,&quot;credit&quot;:&quot;&quot;,&quot;camera&quot;:&quot;&quot;,&quot;caption&quot;:&quot;&quot;,&quot;created_timestamp&quot;:&quot;0&quot;,&quot;copyright&quot;:&quot;&quot;,&quot;focal_length&quot;:&quot;0&quot;,&quot;iso&quot;:&quot;0&quot;,&quot;shutter_speed&quot;:&quot;0&quot;,&quot;title&quot;:&quot;&quot;,&quot;orientation&quot;:&quot;0&quot;}\" data-image-title=\"WhatsApp Image 2026-04-29 at 12.22.21\" data-image-description=\"\" data-image-caption=\"\" data-large-file=\"https:\/\/eldiariodesanpedro.com.ar\/sitio\/wp-content\/uploads\/2026\/04\/WhatsApp-Image-2026-04-29-at-12.22.21.jpeg\" data-src=\"https:\/\/eldiariodesanpedro.com.ar\/sitio\/wp-content\/uploads\/2026\/04\/WhatsApp-Image-2026-04-29-at-12.22.21.jpeg\" alt=\"\" class=\"wp-image-150360 lazyload\" data-srcset=\"https:\/\/eldiariodesanpedro.com.ar\/sitio\/wp-content\/uploads\/2026\/04\/WhatsApp-Image-2026-04-29-at-12.22.21.jpeg 504w, https:\/\/eldiariodesanpedro.com.ar\/sitio\/wp-content\/uploads\/2026\/04\/WhatsApp-Image-2026-04-29-at-12.22.21-240x300.jpeg 240w\" data-sizes=\"(max-width: 504px) 100vw, 504px\" src=\"data:image\/svg+xml;base64,PHN2ZyB3aWR0aD0iMSIgaGVpZ2h0PSIxIiB4bWxucz0iaHR0cDovL3d3dy53My5vcmcvMjAwMC9zdmciPjwvc3ZnPg==\" style=\"--smush-placeholder-width: 504px; --smush-placeholder-aspect-ratio: 504\/630;\" \/><\/figure>\n<\/div>","protected":false},"excerpt":{"rendered":"<p>La actividad ser\u00e1 este jueves en Santa Luc\u00eda, con asesoramiento gratuito, capacitaciones y acceso a programas para vecinos y emprendedores. Este jueves 30 desde las 09.00, se llevar\u00e1 a cabo una jornada de fortalecimiento emprendedor y laboral en la Delegaci\u00f3n de Santa Luc\u00eda, impulsada por la Secretar\u00eda de Desarrollo Econ\u00f3mico. Durante la actividad, se brindar\u00e1 [&hellip;]<\/p>\n","protected":false},"author":4,"featured_media":150361,"comment_status":"closed","ping_status":"closed","sticky":false,"template":"","format":"standard","meta":{"om_disable_all_campaigns":false,"_jetpack_memberships_contains_paid_content":false,"footnotes":""},"categories":[101,2],"tags":[10522,10521,5187,10524,10525,10527,10523,10526],"class_list":["post-150359","post","type-post","status-publish","format-standard","has-post-thumbnail","hentry","category-interes-general-locales","category-locales","tag-asesoramiento-cv","tag-capacitacion-laboral","tag-desarrollo-economico-local","tag-empleo-santa-lucia","tag-emprendedores-programas","tag-formalizacion-de-emprendimientos","tag-jornada-emprendedora","tag-lineas-de-credito-argentina"],"aioseo_notices":[],"gutentor_comment":0,"jetpack_featured_media_url":"https:\/\/eldiariodesanpedro.com.ar\/sitio\/wp-content\/uploads\/2026\/04\/medida-3-4.jpg","jetpack_shortlink":"https:\/\/wp.me\/p6RhLt-D79","jetpack_sharing_enabled":true,"_links":{"self":[{"href":"https:\/\/eldiariodesanpedro.com.ar\/sitio\/wp-json\/wp\/v2\/posts\/150359","targetHints":{"allow":["GET"]}}],"collection":[{"href":"https:\/\/eldiariodesanpedro.com.ar\/sitio\/wp-json\/wp\/v2\/posts"}],"about":[{"href":"https:\/\/eldiariodesanpedro.com.ar\/sitio\/wp-json\/wp\/v2\/types\/post"}],"author":[{"embeddable":true,"href":"https:\/\/eldiariodesanpedro.com.ar\/sitio\/wp-json\/wp\/v2\/users\/4"}],"replies":[{"embeddable":true,"href":"https:\/\/eldiariodesanpedro.com.ar\/sitio\/wp-json\/wp\/v2\/comments?post=150359"}],"version-history":[{"count":1,"href":"https:\/\/eldiariodesanpedro.com.ar\/sitio\/wp-json\/wp\/v2\/posts\/150359\/revisions"}],"predecessor-version":[{"id":150362,"href":"https:\/\/eldiariodesanpedro.com.ar\/sitio\/wp-json\/wp\/v2\/posts\/150359\/revisions\/150362"}],"wp:featuredmedia":[{"embeddable":true,"href":"https:\/\/eldiariodesanpedro.com.ar\/sitio\/wp-json\/wp\/v2\/media\/150361"}],"wp:attachment":[{"href":"https:\/\/eldiariodesanpedro.com.ar\/sitio\/wp-json\/wp\/v2\/media?parent=150359"}],"wp:term":[{"taxonomy":"category","embeddable":true,"href":"https:\/\/eldiariodesanpedro.com.ar\/sitio\/wp-json\/wp\/v2\/categories?post=150359"},{"taxonomy":"post_tag","embeddable":true,"href":"https:\/\/eldiariodesanpedro.com.ar\/sitio\/wp-json\/wp\/v2\/tags?post=150359"}],"curies":[{"name":"wp","href":"https:\/\/api.w.org\/{rel}","templated":true}]}}