{"id":150354,"date":"2026-04-29T15:20:36","date_gmt":"2026-04-29T18:20:36","guid":{"rendered":"https:\/\/eldiariodesanpedro.com.ar\/sitio\/?p=150354"},"modified":"2026-04-29T15:23:52","modified_gmt":"2026-04-29T18:23:52","slug":"difunden-imagenes-del-robo-en-un-local-de-indumentaria-deportiva","status":"publish","type":"post","link":"https:\/\/eldiariodesanpedro.com.ar\/sitio\/difunden-imagenes-del-robo-en-un-local-de-indumentaria-deportiva\/","title":{"rendered":"Difunden im\u00e1genes del robo en un local de indumentaria deportiva"},"content":{"rendered":"<!-- VideographyWP Plugin Message: Automatic video embedding prevented by plugin options. -->\n\n<p>El registro de c\u00e1maras de seguridad aport\u00f3 nuevos detalles sobre el hecho ocurrido durante la madrugada en un comercio de calle Sarmiento.<\/p>\n\n\n\n<p>A pocas horas de conocerse el il\u00edcito, se dieron a conocer las grabaciones captadas por las c\u00e1maras de seguridad de un comercio de indumentaria deportiva ubicado en <strong>calle Sarmiento al 950<\/strong>, donde se produjo un robo durante la madrugada de este mi\u00e9rcoles.<\/p>\n\n\n\n<p>En las im\u00e1genes se observa c\u00f3mo <strong>al menos dos personas<\/strong> llegan al lugar y <strong>fuerzan la reja de seguridad<\/strong>. Luego, tras <strong>romper el vidrio de la puerta de acceso<\/strong>, logran ingresar al local. Una vez en el interior, recorren el establecimiento y <strong>sustraen diversas prendas<\/strong>, para finalmente retirarse del lugar en pocos minutos.<\/p>\n\n\n\n<p>Tras el hecho, se despleg\u00f3 un <strong>operativo policial<\/strong> que permiti\u00f3 la <strong>detenci\u00f3n de uno de los sospechosos<\/strong>, quien ten\u00eda en su poder <strong>parte de la mercader\u00eda sustra\u00edda<\/strong>. En tanto, la investigaci\u00f3n contin\u00faa con el objetivo de <strong>identificar y localizar a los dem\u00e1s implicados<\/strong> en el robo.<\/p>\n\n\n\n<p>#Robo #Policiales #Inseguridad #Comercio #Investigaci\u00f3n #C\u00e1marasDeSeguridad<\/p>\n\n\n\n<iframe data-src=\"https:\/\/www.facebook.com\/plugins\/video.php?height=476&#038;href=https%3A%2F%2Fwww.facebook.com%2Freel%2F26761998480083526%2F&#038;show_text=false&#038;width=476&#038;t=0\" width=\"476\" height=\"476\" style=\"border:none;overflow:hidden\" scrolling=\"no\" frameborder=\"0\" allowfullscreen=\"true\" allow=\"autoplay; clipboard-write; encrypted-media; picture-in-picture; web-share\" allowFullScreen=\"true\" src=\"data:image\/svg+xml;base64,PHN2ZyB3aWR0aD0iMSIgaGVpZ2h0PSIxIiB4bWxucz0iaHR0cDovL3d3dy53My5vcmcvMjAwMC9zdmciPjwvc3ZnPg==\" class=\"lazyload\" data-load-mode=\"1\"><\/iframe>\n","protected":false},"excerpt":{"rendered":"<p>El registro de c\u00e1maras de seguridad aport\u00f3 nuevos detalles sobre el hecho ocurrido durante la madrugada en un comercio de calle Sarmiento. A pocas horas de conocerse el il\u00edcito, se dieron a conocer las grabaciones captadas por las c\u00e1maras de seguridad de un comercio de indumentaria deportiva ubicado en calle Sarmiento al 950, donde se [&hellip;]<\/p>\n","protected":false},"author":4,"featured_media":150355,"comment_status":"closed","ping_status":"closed","sticky":false,"template":"","format":"standard","meta":{"om_disable_all_campaigns":false,"_jetpack_memberships_contains_paid_content":false,"footnotes":""},"categories":[50,2,103],"tags":[10519,10518,10516,5214,10520,10517],"class_list":["post-150354","post","type-post","status-publish","format-standard","has-post-thumbnail","hentry","category-destacadas","category-locales","category-policiales-locales","tag-camaras-de-seguridad-robo","tag-detencion-sospechoso","tag-inseguridad-comercio","tag-investigacion-policial","tag-robo-en-indumentaria-deportiva","tag-robo-en-local-deportivo"],"aioseo_notices":[],"gutentor_comment":0,"jetpack_featured_media_url":"https:\/\/eldiariodesanpedro.com.ar\/sitio\/wp-content\/uploads\/2026\/04\/Snapshot-2.jpg","jetpack_shortlink":"https:\/\/wp.me\/p6RhLt-D74","jetpack_sharing_enabled":true,"_links":{"self":[{"href":"https:\/\/eldiariodesanpedro.com.ar\/sitio\/wp-json\/wp\/v2\/posts\/150354","targetHints":{"allow":["GET"]}}],"collection":[{"href":"https:\/\/eldiariodesanpedro.com.ar\/sitio\/wp-json\/wp\/v2\/posts"}],"about":[{"href":"https:\/\/eldiariodesanpedro.com.ar\/sitio\/wp-json\/wp\/v2\/types\/post"}],"author":[{"embeddable":true,"href":"https:\/\/eldiariodesanpedro.com.ar\/sitio\/wp-json\/wp\/v2\/users\/4"}],"replies":[{"embeddable":true,"href":"https:\/\/eldiariodesanpedro.com.ar\/sitio\/wp-json\/wp\/v2\/comments?post=150354"}],"version-history":[{"count":2,"href":"https:\/\/eldiariodesanpedro.com.ar\/sitio\/wp-json\/wp\/v2\/posts\/150354\/revisions"}],"predecessor-version":[{"id":150358,"href":"https:\/\/eldiariodesanpedro.com.ar\/sitio\/wp-json\/wp\/v2\/posts\/150354\/revisions\/150358"}],"wp:featuredmedia":[{"embeddable":true,"href":"https:\/\/eldiariodesanpedro.com.ar\/sitio\/wp-json\/wp\/v2\/media\/150355"}],"wp:attachment":[{"href":"https:\/\/eldiariodesanpedro.com.ar\/sitio\/wp-json\/wp\/v2\/media?parent=150354"}],"wp:term":[{"taxonomy":"category","embeddable":true,"href":"https:\/\/eldiariodesanpedro.com.ar\/sitio\/wp-json\/wp\/v2\/categories?post=150354"},{"taxonomy":"post_tag","embeddable":true,"href":"https:\/\/eldiariodesanpedro.com.ar\/sitio\/wp-json\/wp\/v2\/tags?post=150354"}],"curies":[{"name":"wp","href":"https:\/\/api.w.org\/{rel}","templated":true}]}}