{"id":150349,"date":"2026-04-29T14:14:07","date_gmt":"2026-04-29T17:14:07","guid":{"rendered":"https:\/\/eldiariodesanpedro.com.ar\/sitio\/?p=150349"},"modified":"2026-04-29T14:25:53","modified_gmt":"2026-04-29T17:25:53","slug":"notificacion-inicio-de-temporada-magnifresh-s-a","status":"publish","type":"post","link":"https:\/\/eldiariodesanpedro.com.ar\/sitio\/notificacion-inicio-de-temporada-magnifresh-s-a\/","title":{"rendered":"Notificaci\u00f3n inicio de temporada Magnifresh S.A."},"content":{"rendered":"<!-- VideographyWP Plugin Message: Automatic video embedding prevented by plugin options. -->\n\n<p class=\"has-text-align-center\"><strong>Notificaci\u00f3n inicio de temporada<br>Magnifresh s.a.<\/strong><\/p>\n\n\n\n<p>La empresa notifica por este medio a todo el personal que a partir del d\u00eda 28\/05\/2026 comienza su v\u00ednculo laboral con la empresa con motivo de inicio de la temporada de empaque de fruta c\u00edtrico del periodo 2026 y hasta la finalizaci\u00f3n de la misma.<\/p>\n\n\n\n<p>Se notifica el inicio de esta dando cumplimiento con lo determinado en la ley 20.744.<\/p>\n\n\n\n<p>(Publicaci\u00f3n v\u00e1lida para los d\u00edas\u00a0 29 y 30 de abril, y 01 de mayo de 2026)<\/p>\n","protected":false},"excerpt":{"rendered":"<p>Notificaci\u00f3n inicio de temporadaMagnifresh s.a. La empresa notifica por este medio a todo el personal que a partir del d\u00eda 28\/05\/2026 comienza su v\u00ednculo laboral con la empresa con motivo de inicio de la temporada de empaque de fruta c\u00edtrico del periodo 2026 y hasta la finalizaci\u00f3n de la misma. Se notifica el inicio de [&hellip;]<\/p>\n","protected":false},"author":4,"featured_media":150350,"comment_status":"closed","ping_status":"closed","sticky":false,"template":"","format":"standard","meta":{"om_disable_all_campaigns":false,"_jetpack_memberships_contains_paid_content":false,"footnotes":""},"categories":[678,676],"tags":[1776,1857,10515],"class_list":["post-150349","post","type-post","status-publish","format-standard","has-post-thumbnail","hentry","category-convocatorias","category-edictos","tag-inicio-de-temporada","tag-magnifresh","tag-notificacion-inicio-de-temporada-magnifresh-s-a"],"aioseo_notices":[],"gutentor_comment":0,"jetpack_featured_media_url":"https:\/\/eldiariodesanpedro.com.ar\/sitio\/wp-content\/uploads\/2026\/04\/Magnifresh-inicio-abril-2026.jpg","jetpack_shortlink":"https:\/\/wp.me\/p6RhLt-D6Z","jetpack_sharing_enabled":true,"_links":{"self":[{"href":"https:\/\/eldiariodesanpedro.com.ar\/sitio\/wp-json\/wp\/v2\/posts\/150349","targetHints":{"allow":["GET"]}}],"collection":[{"href":"https:\/\/eldiariodesanpedro.com.ar\/sitio\/wp-json\/wp\/v2\/posts"}],"about":[{"href":"https:\/\/eldiariodesanpedro.com.ar\/sitio\/wp-json\/wp\/v2\/types\/post"}],"author":[{"embeddable":true,"href":"https:\/\/eldiariodesanpedro.com.ar\/sitio\/wp-json\/wp\/v2\/users\/4"}],"replies":[{"embeddable":true,"href":"https:\/\/eldiariodesanpedro.com.ar\/sitio\/wp-json\/wp\/v2\/comments?post=150349"}],"version-history":[{"count":2,"href":"https:\/\/eldiariodesanpedro.com.ar\/sitio\/wp-json\/wp\/v2\/posts\/150349\/revisions"}],"predecessor-version":[{"id":150353,"href":"https:\/\/eldiariodesanpedro.com.ar\/sitio\/wp-json\/wp\/v2\/posts\/150349\/revisions\/150353"}],"wp:featuredmedia":[{"embeddable":true,"href":"https:\/\/eldiariodesanpedro.com.ar\/sitio\/wp-json\/wp\/v2\/media\/150350"}],"wp:attachment":[{"href":"https:\/\/eldiariodesanpedro.com.ar\/sitio\/wp-json\/wp\/v2\/media?parent=150349"}],"wp:term":[{"taxonomy":"category","embeddable":true,"href":"https:\/\/eldiariodesanpedro.com.ar\/sitio\/wp-json\/wp\/v2\/categories?post=150349"},{"taxonomy":"post_tag","embeddable":true,"href":"https:\/\/eldiariodesanpedro.com.ar\/sitio\/wp-json\/wp\/v2\/tags?post=150349"}],"curies":[{"name":"wp","href":"https:\/\/api.w.org\/{rel}","templated":true}]}}