{"id":150345,"date":"2026-04-29T13:34:04","date_gmt":"2026-04-29T16:34:04","guid":{"rendered":"https:\/\/eldiariodesanpedro.com.ar\/sitio\/?p=150345"},"modified":"2026-04-29T13:50:22","modified_gmt":"2026-04-29T16:50:22","slug":"inicio-de-temporada-de-citricos-viveros-el-pampero-srl","status":"publish","type":"post","link":"https:\/\/eldiariodesanpedro.com.ar\/sitio\/inicio-de-temporada-de-citricos-viveros-el-pampero-srl\/","title":{"rendered":"Inicio de Temporada de citricos Viveros El Pampero SRL"},"content":{"rendered":"<!-- VideographyWP Plugin Message: Automatic video embedding prevented by plugin options. -->\n\n<p class=\"has-text-align-center\"><strong>NOTIFICACI\u00d3N INICIO DE TEMPORADA<br>SINDICATO S.E.D.A. Y UATRE<br>SAN PEDRO, 28 DE ABRIL DE 2026<\/strong><\/p>\n\n\n\n<p><br>Comunicamos a todo nuestro personal de Empaque, Rurales y Recolectores Temporarios que el d\u00eda 30 de mayo de 2026 aproximadamente se iniciar\u00e1 la temporada de c\u00edtricos, debiendo presentarse en el lugar de trabajo sito en el Camino al Aeroclub, Paraje Villa Jard\u00edn, del Partido de San Pedro (B), en el horario de 07:00 hs, para comenzar con sus tareas en la presente temporada, debiendo traer la Libreta del Trabajador Rural (Ley 25.191), sin excepci\u00f3n.<br><br>Quedan Uds. debidamente notificados conforme lo establecen los C.C.T. aplicables y la legislaci\u00f3n vigente.<br><br>Deber\u00e1n expresar fehacientemente su disposici\u00f3n para comenzar sus tareas hasta el d\u00eda 14 de mayo de 2026 en las oficinas ubicadas en el mismo domicilio, en el horario de 08:00 a 12:00 hs.<br><br>Se deja expresamente establecido que la duraci\u00f3n de la presente temporada reviste car\u00e1cter estrictamente eventual y se encuentra sujeta a la disponibilidad de materia prima, condiciones clim\u00e1ticas, productivas y de mercado, pudiendo finalizar en cualquier momento sin que ello genere derecho a reclamo alguno por continuidad laboral, estabilidad ni indemnizaci\u00f3n distinta de la legalmente prevista.<br><br>En tal sentido, se hace saber que, atento la actual y eventual falta de materia prima, la temporada se extender\u00e1 \u00fanicamente hasta la total finalizaci\u00f3n de la fruta disponible, sin que exista garant\u00eda de plazo m\u00ednimo de duraci\u00f3n.<br><br><strong>VIVEROS EL PAMPERO S.R.L.<\/strong><\/p>\n\n\n\n<p>(Publicaci\u00f3n v\u00e1lida para los d\u00edas\u00a0 29 y 30 de abril, y 01 de mayo de 2026)<\/p>\n","protected":false},"excerpt":{"rendered":"<p>NOTIFICACI\u00d3N INICIO DE TEMPORADASINDICATO S.E.D.A. Y UATRESAN PEDRO, 28 DE ABRIL DE 2026 Comunicamos a todo nuestro personal de Empaque, Rurales y Recolectores Temporarios que el d\u00eda 30 de mayo de 2026 aproximadamente se iniciar\u00e1 la temporada de c\u00edtricos, debiendo presentarse en el lugar de trabajo sito en el Camino al Aeroclub, Paraje Villa Jard\u00edn, [&hellip;]<\/p>\n","protected":false},"author":4,"featured_media":150346,"comment_status":"closed","ping_status":"closed","sticky":false,"template":"","format":"standard","meta":{"om_disable_all_campaigns":false,"_jetpack_memberships_contains_paid_content":false,"footnotes":""},"categories":[678,676],"tags":[10513,1791,1776,10514],"class_list":["post-150345","post","type-post","status-publish","format-standard","has-post-thumbnail","hentry","category-convocatorias","category-edictos","tag-citricos","tag-el-pampero-srl","tag-inicio-de-temporada","tag-viveros-el-pampero"],"aioseo_notices":[],"gutentor_comment":0,"jetpack_featured_media_url":"https:\/\/eldiariodesanpedro.com.ar\/sitio\/wp-content\/uploads\/2026\/04\/El-Pampero-Convocatoria-29-04-2026.jpg","jetpack_shortlink":"https:\/\/wp.me\/p6RhLt-D6V","jetpack_sharing_enabled":true,"_links":{"self":[{"href":"https:\/\/eldiariodesanpedro.com.ar\/sitio\/wp-json\/wp\/v2\/posts\/150345","targetHints":{"allow":["GET"]}}],"collection":[{"href":"https:\/\/eldiariodesanpedro.com.ar\/sitio\/wp-json\/wp\/v2\/posts"}],"about":[{"href":"https:\/\/eldiariodesanpedro.com.ar\/sitio\/wp-json\/wp\/v2\/types\/post"}],"author":[{"embeddable":true,"href":"https:\/\/eldiariodesanpedro.com.ar\/sitio\/wp-json\/wp\/v2\/users\/4"}],"replies":[{"embeddable":true,"href":"https:\/\/eldiariodesanpedro.com.ar\/sitio\/wp-json\/wp\/v2\/comments?post=150345"}],"version-history":[{"count":2,"href":"https:\/\/eldiariodesanpedro.com.ar\/sitio\/wp-json\/wp\/v2\/posts\/150345\/revisions"}],"predecessor-version":[{"id":150348,"href":"https:\/\/eldiariodesanpedro.com.ar\/sitio\/wp-json\/wp\/v2\/posts\/150345\/revisions\/150348"}],"wp:featuredmedia":[{"embeddable":true,"href":"https:\/\/eldiariodesanpedro.com.ar\/sitio\/wp-json\/wp\/v2\/media\/150346"}],"wp:attachment":[{"href":"https:\/\/eldiariodesanpedro.com.ar\/sitio\/wp-json\/wp\/v2\/media?parent=150345"}],"wp:term":[{"taxonomy":"category","embeddable":true,"href":"https:\/\/eldiariodesanpedro.com.ar\/sitio\/wp-json\/wp\/v2\/categories?post=150345"},{"taxonomy":"post_tag","embeddable":true,"href":"https:\/\/eldiariodesanpedro.com.ar\/sitio\/wp-json\/wp\/v2\/tags?post=150345"}],"curies":[{"name":"wp","href":"https:\/\/api.w.org\/{rel}","templated":true}]}}