{"id":150339,"date":"2026-04-29T12:11:45","date_gmt":"2026-04-29T15:11:45","guid":{"rendered":"https:\/\/eldiariodesanpedro.com.ar\/sitio\/?p=150339"},"modified":"2026-04-29T12:20:02","modified_gmt":"2026-04-29T15:20:02","slug":"edicto-de-gomez-marta-teresita-c-nervegna-osvaldo-alfredo-s-divorcio-por-presentacion-unilateral","status":"publish","type":"post","link":"https:\/\/eldiariodesanpedro.com.ar\/sitio\/edicto-de-gomez-marta-teresita-c-nervegna-osvaldo-alfredo-s-divorcio-por-presentacion-unilateral\/","title":{"rendered":"Edicto de Gomez Marta Teresita c\/Nervegna Osvaldo Alfredo s\/Divorcio por presentaci\u00f3n unilateral"},"content":{"rendered":"<!-- VideographyWP Plugin Message: Automatic video embedding prevented by plugin options. -->\n\n<p>POR 3 DIAS El Juzgado de Paz Letrado de San Pedro, del Departamento Judicial de San Nicol\u00e1s, sito calle Lavalle y Belgrano de la ciudad de San Pedro, a cargo del Dr. Jos\u00e9 Ignacio Macchia, cita y emplaza por CINCO d\u00edas al Sr. OSVALDO ALFREDO NERVEGNA, DNI 13.393.938 para que comparezca a tomar intervenci\u00f3n en los autos caratulados: <strong>\u201cGomez Marta Teresita c\/Nervegna Osvaldo Alfredo s\/Divorcio por presentacion unilateral\u201d<\/strong> Expte. FAM 5456-25, bajo apercibimiento de ser declarado en rebeld\u00eda, y continuar con el tr\u00e1mite del proceso conforme lo previsto por el art. 438 del CCCN.<\/p>\n\n\n\n<p>San Pedro, 23 de Abril de 2026 Fdo. Dr. Jos\u00e9 Ignacio Macchia Juez Juzgado de Paz de San Pedro<\/p>\n\n\n\n<p>MARSILI NATALIA ELIZABETH<br>ABOGADO SECRETARIO<\/p>\n\n\n\n<p>(Publicaci\u00f3n v\u00e1lida para los d\u00edas\u00a0 29 y 30 de abril, y 01 de mayo de 2026)<br><a href=\"https:\/\/notificaciones.scba.gov.ar\/interfazbootstrap\/textonotificacion.aspx?CodNotif=s4yk0zv9\">https:\/\/notificaciones.scba.gov.ar\/interfazbootstrap\/textonotificacion.aspx?CodNotif=s4yk0zv9<\/a><\/p>\n","protected":false},"excerpt":{"rendered":"<p>POR 3 DIAS El Juzgado de Paz Letrado de San Pedro, del Departamento Judicial de San Nicol\u00e1s, sito calle Lavalle y Belgrano de la ciudad de San Pedro, a cargo del Dr. Jos\u00e9 Ignacio Macchia, cita y emplaza por CINCO d\u00edas al Sr. OSVALDO ALFREDO NERVEGNA, DNI 13.393.938 para que comparezca a tomar intervenci\u00f3n en [&hellip;]<\/p>\n","protected":false},"author":4,"featured_media":102746,"comment_status":"closed","ping_status":"closed","sticky":false,"template":"","format":"standard","meta":{"om_disable_all_campaigns":false,"_jetpack_memberships_contains_paid_content":false,"footnotes":""},"categories":[676,1124],"tags":[10510,1121,10508,10509,10511],"class_list":["post-150339","post","type-post","status-publish","format-standard","has-post-thumbnail","hentry","category-edictos","category-edictos-especiales","tag-divorcio","tag-edicto","tag-gomez-marta-teresita","tag-nervegna-osvaldo-alfredo","tag-presentacion-unilateral"],"aioseo_notices":[],"gutentor_comment":0,"jetpack_featured_media_url":"https:\/\/eldiariodesanpedro.com.ar\/sitio\/wp-content\/uploads\/2022\/01\/EDICTO.jpg","jetpack_shortlink":"https:\/\/wp.me\/p6RhLt-D6P","jetpack_sharing_enabled":true,"_links":{"self":[{"href":"https:\/\/eldiariodesanpedro.com.ar\/sitio\/wp-json\/wp\/v2\/posts\/150339","targetHints":{"allow":["GET"]}}],"collection":[{"href":"https:\/\/eldiariodesanpedro.com.ar\/sitio\/wp-json\/wp\/v2\/posts"}],"about":[{"href":"https:\/\/eldiariodesanpedro.com.ar\/sitio\/wp-json\/wp\/v2\/types\/post"}],"author":[{"embeddable":true,"href":"https:\/\/eldiariodesanpedro.com.ar\/sitio\/wp-json\/wp\/v2\/users\/4"}],"replies":[{"embeddable":true,"href":"https:\/\/eldiariodesanpedro.com.ar\/sitio\/wp-json\/wp\/v2\/comments?post=150339"}],"version-history":[{"count":2,"href":"https:\/\/eldiariodesanpedro.com.ar\/sitio\/wp-json\/wp\/v2\/posts\/150339\/revisions"}],"predecessor-version":[{"id":150341,"href":"https:\/\/eldiariodesanpedro.com.ar\/sitio\/wp-json\/wp\/v2\/posts\/150339\/revisions\/150341"}],"wp:featuredmedia":[{"embeddable":true,"href":"https:\/\/eldiariodesanpedro.com.ar\/sitio\/wp-json\/wp\/v2\/media\/102746"}],"wp:attachment":[{"href":"https:\/\/eldiariodesanpedro.com.ar\/sitio\/wp-json\/wp\/v2\/media?parent=150339"}],"wp:term":[{"taxonomy":"category","embeddable":true,"href":"https:\/\/eldiariodesanpedro.com.ar\/sitio\/wp-json\/wp\/v2\/categories?post=150339"},{"taxonomy":"post_tag","embeddable":true,"href":"https:\/\/eldiariodesanpedro.com.ar\/sitio\/wp-json\/wp\/v2\/tags?post=150339"}],"curies":[{"name":"wp","href":"https:\/\/api.w.org\/{rel}","templated":true}]}}