{"id":150335,"date":"2026-04-29T11:54:02","date_gmt":"2026-04-29T14:54:02","guid":{"rendered":"https:\/\/eldiariodesanpedro.com.ar\/sitio\/?p=150335"},"modified":"2026-04-29T11:54:06","modified_gmt":"2026-04-29T14:54:06","slug":"anuncian-jornada-cultural-del-barrio-para-el-barrio-con-artistas-locales","status":"publish","type":"post","link":"https:\/\/eldiariodesanpedro.com.ar\/sitio\/anuncian-jornada-cultural-del-barrio-para-el-barrio-con-artistas-locales\/","title":{"rendered":"Anuncian jornada cultural \u201cDel barrio para el barrio\u201d con artistas locales"},"content":{"rendered":"<!-- VideographyWP Plugin Message: Automatic video embedding prevented by plugin options. -->\n\n<p><em>El encuentro se realizar\u00e1 este viernes 1 de mayo con m\u00fasica en vivo y propuestas para toda la familia en la Cooperativa Las Canaletas.<\/em><\/p>\n\n\n\n<p>La <strong>Secretar\u00eda de Desarrollo Econ\u00f3mico<\/strong> inform\u00f3 la realizaci\u00f3n de una jornada cultural denominada <strong>\u201cDel Barrio para el Barrio\u201d<\/strong>, que tendr\u00e1 lugar el <strong>viernes 1 de mayo<\/strong> en la sede de la <strong>Cooperativa Las Canaletas<\/strong>.<\/p>\n\n\n\n<p>El evento se desarrollar\u00e1 entre las <strong>15:00 y las 20:00<\/strong>, en el espacio ubicado en <strong>Juan Ismael Gim\u00e9nez 1635<\/strong>, y est\u00e1 orientado a promover la participaci\u00f3n de la comunidad en un entorno familiar, adem\u00e1s de brindar visibilidad a artistas locales.<\/p>\n\n\n\n<p>De acuerdo a lo detallado por los organizadores, la propuesta apunta a generar un punto de encuentro entre vecinos, con espect\u00e1culos en vivo y actividades culturales abiertas al p\u00fablico.<\/p>\n\n\n\n<p>La grilla art\u00edstica incluir\u00e1 las presentaciones de <strong>Luly Castro, Mat\u00edas Peluchon, Luly Franco, Daniel Cabrera, Diego Orrego y Jes\u00fas \u201cEl Colibr\u00ed\u201d<\/strong>, quienes ofrecer\u00e1n shows musicales con distintos estilos, pensados para un p\u00fablico amplio.<\/p>\n\n\n\n<p>La iniciativa busca fortalecer el v\u00ednculo entre cultura y comunidad, con una convocatoria abierta tanto a vecinos de la zona como a visitantes del partido.<\/p>\n\n\n\n<p>#Cultura #EventoCultural #ArtistasLocales #MusicaEnVivo #Comunidad #LasCanaletas #DelBarrioParaElBarrio<\/p>\n\n\n<div class=\"wp-block-image\">\n<figure class=\"aligncenter size-full\"><img decoding=\"async\" width=\"504\" height=\"630\" data-attachment-id=\"150337\" data-permalink=\"https:\/\/eldiariodesanpedro.com.ar\/sitio\/whatsapp-image-2026-04-28-at-13-53-17\/\" data-orig-file=\"https:\/\/eldiariodesanpedro.com.ar\/sitio\/wp-content\/uploads\/2026\/04\/WhatsApp-Image-2026-04-28-at-13.53.17.jpeg\" data-orig-size=\"504,630\" data-comments-opened=\"0\" data-image-meta=\"{&quot;aperture&quot;:&quot;0&quot;,&quot;credit&quot;:&quot;&quot;,&quot;camera&quot;:&quot;&quot;,&quot;caption&quot;:&quot;&quot;,&quot;created_timestamp&quot;:&quot;0&quot;,&quot;copyright&quot;:&quot;&quot;,&quot;focal_length&quot;:&quot;0&quot;,&quot;iso&quot;:&quot;0&quot;,&quot;shutter_speed&quot;:&quot;0&quot;,&quot;title&quot;:&quot;&quot;,&quot;orientation&quot;:&quot;0&quot;}\" data-image-title=\"WhatsApp Image 2026-04-28 at 13.53.17\" data-image-description=\"\" data-image-caption=\"\" data-large-file=\"https:\/\/eldiariodesanpedro.com.ar\/sitio\/wp-content\/uploads\/2026\/04\/WhatsApp-Image-2026-04-28-at-13.53.17.jpeg\" data-src=\"https:\/\/eldiariodesanpedro.com.ar\/sitio\/wp-content\/uploads\/2026\/04\/WhatsApp-Image-2026-04-28-at-13.53.17.jpeg\" alt=\"\" class=\"wp-image-150337 lazyload\" data-srcset=\"https:\/\/eldiariodesanpedro.com.ar\/sitio\/wp-content\/uploads\/2026\/04\/WhatsApp-Image-2026-04-28-at-13.53.17.jpeg 504w, https:\/\/eldiariodesanpedro.com.ar\/sitio\/wp-content\/uploads\/2026\/04\/WhatsApp-Image-2026-04-28-at-13.53.17-240x300.jpeg 240w\" data-sizes=\"(max-width: 504px) 100vw, 504px\" src=\"data:image\/svg+xml;base64,PHN2ZyB3aWR0aD0iMSIgaGVpZ2h0PSIxIiB4bWxucz0iaHR0cDovL3d3dy53My5vcmcvMjAwMC9zdmciPjwvc3ZnPg==\" style=\"--smush-placeholder-width: 504px; --smush-placeholder-aspect-ratio: 504\/630;\" \/><\/figure>\n<\/div>","protected":false},"excerpt":{"rendered":"<p>El encuentro se realizar\u00e1 este viernes 1 de mayo con m\u00fasica en vivo y propuestas para toda la familia en la Cooperativa Las Canaletas. La Secretar\u00eda de Desarrollo Econ\u00f3mico inform\u00f3 la realizaci\u00f3n de una jornada cultural denominada \u201cDel Barrio para el Barrio\u201d, que tendr\u00e1 lugar el viernes 1 de mayo en la sede de la [&hellip;]<\/p>\n","protected":false},"author":4,"featured_media":150336,"comment_status":"closed","ping_status":"closed","sticky":false,"template":"","format":"standard","meta":{"om_disable_all_campaigns":false,"_jetpack_memberships_contains_paid_content":false,"footnotes":""},"categories":[101,2],"tags":[3655,4078,10505,10504,10506,10503,4080,10507],"class_list":["post-150335","post","type-post","status-publish","format-standard","has-post-thumbnail","hentry","category-interes-general-locales","category-locales","tag-actividades-culturales","tag-artistas-locales","tag-cooperativa-las-canaletas","tag-del-barrio-para-el-barrio","tag-evento-familiar","tag-jornada-cultural","tag-musica-en-vivo","tag-secretaria-de-desarrollo-economico"],"aioseo_notices":[],"gutentor_comment":0,"jetpack_featured_media_url":"https:\/\/eldiariodesanpedro.com.ar\/sitio\/wp-content\/uploads\/2026\/04\/Del-barrio-para-el-Barrio.jpg","jetpack_shortlink":"https:\/\/wp.me\/p6RhLt-D6L","jetpack_sharing_enabled":true,"_links":{"self":[{"href":"https:\/\/eldiariodesanpedro.com.ar\/sitio\/wp-json\/wp\/v2\/posts\/150335","targetHints":{"allow":["GET"]}}],"collection":[{"href":"https:\/\/eldiariodesanpedro.com.ar\/sitio\/wp-json\/wp\/v2\/posts"}],"about":[{"href":"https:\/\/eldiariodesanpedro.com.ar\/sitio\/wp-json\/wp\/v2\/types\/post"}],"author":[{"embeddable":true,"href":"https:\/\/eldiariodesanpedro.com.ar\/sitio\/wp-json\/wp\/v2\/users\/4"}],"replies":[{"embeddable":true,"href":"https:\/\/eldiariodesanpedro.com.ar\/sitio\/wp-json\/wp\/v2\/comments?post=150335"}],"version-history":[{"count":1,"href":"https:\/\/eldiariodesanpedro.com.ar\/sitio\/wp-json\/wp\/v2\/posts\/150335\/revisions"}],"predecessor-version":[{"id":150338,"href":"https:\/\/eldiariodesanpedro.com.ar\/sitio\/wp-json\/wp\/v2\/posts\/150335\/revisions\/150338"}],"wp:featuredmedia":[{"embeddable":true,"href":"https:\/\/eldiariodesanpedro.com.ar\/sitio\/wp-json\/wp\/v2\/media\/150336"}],"wp:attachment":[{"href":"https:\/\/eldiariodesanpedro.com.ar\/sitio\/wp-json\/wp\/v2\/media?parent=150335"}],"wp:term":[{"taxonomy":"category","embeddable":true,"href":"https:\/\/eldiariodesanpedro.com.ar\/sitio\/wp-json\/wp\/v2\/categories?post=150335"},{"taxonomy":"post_tag","embeddable":true,"href":"https:\/\/eldiariodesanpedro.com.ar\/sitio\/wp-json\/wp\/v2\/tags?post=150335"}],"curies":[{"name":"wp","href":"https:\/\/api.w.org\/{rel}","templated":true}]}}