{"id":150327,"date":"2026-04-29T11:41:35","date_gmt":"2026-04-29T14:41:35","guid":{"rendered":"https:\/\/eldiariodesanpedro.com.ar\/sitio\/?p=150327"},"modified":"2026-04-29T11:41:39","modified_gmt":"2026-04-29T14:41:39","slug":"el-municipio-establece-el-calendario-de-poda-del-arbolado-urbano-2026","status":"publish","type":"post","link":"https:\/\/eldiariodesanpedro.com.ar\/sitio\/el-municipio-establece-el-calendario-de-poda-del-arbolado-urbano-2026\/","title":{"rendered":"El Municipio establece el calendario de poda del arbolado urbano 2026"},"content":{"rendered":"<!-- VideographyWP Plugin Message: Automatic video embedding prevented by plugin options. -->\n\n<p><em>La poda estar\u00e1 habilitada entre mayo y agosto. Ser\u00e1 obligatorio tramitar autorizaci\u00f3n previa y los residuos deber\u00e1n ser retirados por cada vecino.<\/em><\/p>\n\n\n\n<p>El <strong>Municipio de San Pedro<\/strong> inform\u00f3 la implementaci\u00f3n del <strong>Calendario de Poda del Arbolado Urbano correspondiente al ciclo 2026<\/strong>, acompa\u00f1ado de una campa\u00f1a de concientizaci\u00f3n y ordenamiento para regular estas tareas en la ciudad.<\/p>\n\n\n\n<p>De acuerdo con lo establecido por la <strong>Secretar\u00eda de Servicios P\u00fablicos<\/strong>, el per\u00edodo autorizado para la poda se extender\u00e1 desde el <strong>1\u00b0 de mayo hasta el 31 de agosto de 2026<\/strong>. Desde el \u00e1rea remarcaron que cualquier intervenci\u00f3n realizada fuera de ese plazo constituir\u00e1 una infracci\u00f3n a la <strong>Ordenanza Municipal 3884\/85<\/strong>, lo que implicar\u00e1 la aplicaci\u00f3n de <strong>multas y sanciones<\/strong>.<\/p>\n\n\n\n<p>Asimismo, se indic\u00f3 que la poda no puede realizarse de manera libre. Los vecinos deber\u00e1n gestionar previamente una <strong>autorizaci\u00f3n obligatoria<\/strong>, presentando una nota en la <strong>Mesa de Entrada del Municipio<\/strong>. Una vez aprobado el tr\u00e1mite, la constancia deber\u00e1 ser retirada de forma presencial en la sede de la <strong>Secretar\u00eda de Servicios P\u00fablicos<\/strong>, ubicada en <strong>Arnaldo 150<\/strong>.<\/p>\n\n\n\n<p>En relaci\u00f3n a la disposici\u00f3n de los residuos, desde el Municipio aclararon que no se brinda el servicio de recolecci\u00f3n de restos derivados de trabajos particulares. Por este motivo, se estableci\u00f3 que la <strong>recolecci\u00f3n y retiro de ramas y residuos ser\u00e1 responsabilidad de cada vecino<\/strong>.<\/p>\n\n\n\n<p>Adem\u00e1s, se advirti\u00f3 que la <strong>acumulaci\u00f3n de restos de poda en la v\u00eda p\u00fablica<\/strong> o su incorrecta disposici\u00f3n tambi\u00e9n ser\u00e1 motivo de sanciones, en el marco de la normativa vigente.<\/p>\n\n\n\n<p>#SanPedro #PodaUrbana #ArboladoPublico #Municipio #ServiciosPublicos #Ordenanza3884 #Vecinos #Ambiente<\/p>\n\n\n\n<div class=\"wp-block-jetpack-slideshow aligncenter\" data-effect=\"slide\" style=\"--aspect-ratio:calc(504 \/ 630)\"><div class=\"wp-block-jetpack-slideshow_container swiper\"><ul class=\"wp-block-jetpack-slideshow_swiper-wrapper swiper-wrapper\"><li class=\"wp-block-jetpack-slideshow_slide swiper-slide\"><figure><img decoding=\"async\" width=\"504\" height=\"630\" alt=\"\" class=\"wp-block-jetpack-slideshow_image wp-image-150333 lazyload\" data-id=\"150333\" data-aspect-ratio=\"504 \/ 630\" data-src=\"https:\/\/eldiariodesanpedro.com.ar\/sitio\/wp-content\/uploads\/2026\/04\/WhatsApp-Image-2026-04-29-at-08.30.594.jpeg\" data-srcset=\"https:\/\/eldiariodesanpedro.com.ar\/sitio\/wp-content\/uploads\/2026\/04\/WhatsApp-Image-2026-04-29-at-08.30.594.jpeg 504w, https:\/\/eldiariodesanpedro.com.ar\/sitio\/wp-content\/uploads\/2026\/04\/WhatsApp-Image-2026-04-29-at-08.30.594-240x300.jpeg 240w\" data-sizes=\"(max-width: 504px) 100vw, 504px\" src=\"data:image\/svg+xml;base64,PHN2ZyB3aWR0aD0iMSIgaGVpZ2h0PSIxIiB4bWxucz0iaHR0cDovL3d3dy53My5vcmcvMjAwMC9zdmciPjwvc3ZnPg==\" style=\"--smush-placeholder-width: 504px; --smush-placeholder-aspect-ratio: 504\/630;\" \/><\/figure><\/li><li class=\"wp-block-jetpack-slideshow_slide swiper-slide\"><figure><img decoding=\"async\" width=\"504\" height=\"630\" alt=\"\" class=\"wp-block-jetpack-slideshow_image wp-image-150332 lazyload\" data-id=\"150332\" data-aspect-ratio=\"504 \/ 630\" data-src=\"https:\/\/eldiariodesanpedro.com.ar\/sitio\/wp-content\/uploads\/2026\/04\/WhatsApp-Image-2026-04-29-at-08.30.593.jpeg\" data-srcset=\"https:\/\/eldiariodesanpedro.com.ar\/sitio\/wp-content\/uploads\/2026\/04\/WhatsApp-Image-2026-04-29-at-08.30.593.jpeg 504w, https:\/\/eldiariodesanpedro.com.ar\/sitio\/wp-content\/uploads\/2026\/04\/WhatsApp-Image-2026-04-29-at-08.30.593-240x300.jpeg 240w\" data-sizes=\"(max-width: 504px) 100vw, 504px\" src=\"data:image\/svg+xml;base64,PHN2ZyB3aWR0aD0iMSIgaGVpZ2h0PSIxIiB4bWxucz0iaHR0cDovL3d3dy53My5vcmcvMjAwMC9zdmciPjwvc3ZnPg==\" style=\"--smush-placeholder-width: 504px; --smush-placeholder-aspect-ratio: 504\/630;\" \/><\/figure><\/li><li class=\"wp-block-jetpack-slideshow_slide swiper-slide\"><figure><img decoding=\"async\" width=\"504\" height=\"630\" alt=\"\" class=\"wp-block-jetpack-slideshow_image wp-image-150331 lazyload\" data-id=\"150331\" data-aspect-ratio=\"504 \/ 630\" data-src=\"https:\/\/eldiariodesanpedro.com.ar\/sitio\/wp-content\/uploads\/2026\/04\/WhatsApp-Image-2026-04-29-at-08.30.592.jpeg\" data-srcset=\"https:\/\/eldiariodesanpedro.com.ar\/sitio\/wp-content\/uploads\/2026\/04\/WhatsApp-Image-2026-04-29-at-08.30.592.jpeg 504w, https:\/\/eldiariodesanpedro.com.ar\/sitio\/wp-content\/uploads\/2026\/04\/WhatsApp-Image-2026-04-29-at-08.30.592-240x300.jpeg 240w\" data-sizes=\"(max-width: 504px) 100vw, 504px\" src=\"data:image\/svg+xml;base64,PHN2ZyB3aWR0aD0iMSIgaGVpZ2h0PSIxIiB4bWxucz0iaHR0cDovL3d3dy53My5vcmcvMjAwMC9zdmciPjwvc3ZnPg==\" style=\"--smush-placeholder-width: 504px; --smush-placeholder-aspect-ratio: 504\/630;\" \/><\/figure><\/li><li class=\"wp-block-jetpack-slideshow_slide swiper-slide\"><figure><img decoding=\"async\" width=\"504\" height=\"630\" alt=\"\" class=\"wp-block-jetpack-slideshow_image wp-image-150330 lazyload\" data-id=\"150330\" data-aspect-ratio=\"504 \/ 630\" data-src=\"https:\/\/eldiariodesanpedro.com.ar\/sitio\/wp-content\/uploads\/2026\/04\/WhatsApp-Image-2026-04-29-at-08.30.581.jpeg\" data-srcset=\"https:\/\/eldiariodesanpedro.com.ar\/sitio\/wp-content\/uploads\/2026\/04\/WhatsApp-Image-2026-04-29-at-08.30.581.jpeg 504w, https:\/\/eldiariodesanpedro.com.ar\/sitio\/wp-content\/uploads\/2026\/04\/WhatsApp-Image-2026-04-29-at-08.30.581-240x300.jpeg 240w\" data-sizes=\"(max-width: 504px) 100vw, 504px\" src=\"data:image\/svg+xml;base64,PHN2ZyB3aWR0aD0iMSIgaGVpZ2h0PSIxIiB4bWxucz0iaHR0cDovL3d3dy53My5vcmcvMjAwMC9zdmciPjwvc3ZnPg==\" style=\"--smush-placeholder-width: 504px; --smush-placeholder-aspect-ratio: 504\/630;\" \/><\/figure><\/li><li class=\"wp-block-jetpack-slideshow_slide swiper-slide\"><figure><img decoding=\"async\" width=\"504\" height=\"630\" alt=\"\" class=\"wp-block-jetpack-slideshow_image wp-image-150329 lazyload\" data-id=\"150329\" data-aspect-ratio=\"504 \/ 630\" data-src=\"https:\/\/eldiariodesanpedro.com.ar\/sitio\/wp-content\/uploads\/2026\/04\/WhatsApp-Image-2026-04-29-at-08.30.58.jpeg\" data-srcset=\"https:\/\/eldiariodesanpedro.com.ar\/sitio\/wp-content\/uploads\/2026\/04\/WhatsApp-Image-2026-04-29-at-08.30.58.jpeg 504w, https:\/\/eldiariodesanpedro.com.ar\/sitio\/wp-content\/uploads\/2026\/04\/WhatsApp-Image-2026-04-29-at-08.30.58-240x300.jpeg 240w\" data-sizes=\"(max-width: 504px) 100vw, 504px\" src=\"data:image\/svg+xml;base64,PHN2ZyB3aWR0aD0iMSIgaGVpZ2h0PSIxIiB4bWxucz0iaHR0cDovL3d3dy53My5vcmcvMjAwMC9zdmciPjwvc3ZnPg==\" style=\"--smush-placeholder-width: 504px; --smush-placeholder-aspect-ratio: 504\/630;\" \/><\/figure><\/li><\/ul><a class=\"wp-block-jetpack-slideshow_button-prev swiper-button-prev swiper-button-white\" role=\"button\"><\/a><a class=\"wp-block-jetpack-slideshow_button-next swiper-button-next swiper-button-white\" role=\"button\"><\/a><a aria-label=\"Pause Slideshow\" class=\"wp-block-jetpack-slideshow_button-pause\" role=\"button\"><\/a><div class=\"wp-block-jetpack-slideshow_pagination swiper-pagination swiper-pagination-white\"><\/div><\/div><\/div>\n","protected":false},"excerpt":{"rendered":"<p>La poda estar\u00e1 habilitada entre mayo y agosto. Ser\u00e1 obligatorio tramitar autorizaci\u00f3n previa y los residuos deber\u00e1n ser retirados por cada vecino. El Municipio de San Pedro inform\u00f3 la implementaci\u00f3n del Calendario de Poda del Arbolado Urbano correspondiente al ciclo 2026, acompa\u00f1ado de una campa\u00f1a de concientizaci\u00f3n y ordenamiento para regular estas tareas en la [&hellip;]<\/p>\n","protected":false},"author":4,"featured_media":150328,"comment_status":"closed","ping_status":"closed","sticky":false,"template":"","format":"standard","meta":{"om_disable_all_campaigns":false,"_jetpack_memberships_contains_paid_content":false,"footnotes":""},"categories":[101,2],"tags":[10499,10502,9949,10498,10497,10500,10501,6880],"class_list":["post-150327","post","type-post","status-publish","format-standard","has-post-thumbnail","hentry","category-interes-general-locales","category-locales","tag-calendario-de-poda-2026","tag-municipio-san-pedro-poda","tag-ordenanza-3884-85","tag-permiso-poda-municipal","tag-poda-arbolado-urbano-san-pedro","tag-poda-autorizada-fechas","tag-retiro-de-ramas-vecinos","tag-secretaria-de-servicios-publicos"],"aioseo_notices":[],"gutentor_comment":0,"jetpack_featured_media_url":"https:\/\/eldiariodesanpedro.com.ar\/sitio\/wp-content\/uploads\/2026\/04\/poda-1.jpg","jetpack_shortlink":"https:\/\/wp.me\/p6RhLt-D6D","jetpack_sharing_enabled":true,"_links":{"self":[{"href":"https:\/\/eldiariodesanpedro.com.ar\/sitio\/wp-json\/wp\/v2\/posts\/150327","targetHints":{"allow":["GET"]}}],"collection":[{"href":"https:\/\/eldiariodesanpedro.com.ar\/sitio\/wp-json\/wp\/v2\/posts"}],"about":[{"href":"https:\/\/eldiariodesanpedro.com.ar\/sitio\/wp-json\/wp\/v2\/types\/post"}],"author":[{"embeddable":true,"href":"https:\/\/eldiariodesanpedro.com.ar\/sitio\/wp-json\/wp\/v2\/users\/4"}],"replies":[{"embeddable":true,"href":"https:\/\/eldiariodesanpedro.com.ar\/sitio\/wp-json\/wp\/v2\/comments?post=150327"}],"version-history":[{"count":1,"href":"https:\/\/eldiariodesanpedro.com.ar\/sitio\/wp-json\/wp\/v2\/posts\/150327\/revisions"}],"predecessor-version":[{"id":150334,"href":"https:\/\/eldiariodesanpedro.com.ar\/sitio\/wp-json\/wp\/v2\/posts\/150327\/revisions\/150334"}],"wp:featuredmedia":[{"embeddable":true,"href":"https:\/\/eldiariodesanpedro.com.ar\/sitio\/wp-json\/wp\/v2\/media\/150328"}],"wp:attachment":[{"href":"https:\/\/eldiariodesanpedro.com.ar\/sitio\/wp-json\/wp\/v2\/media?parent=150327"}],"wp:term":[{"taxonomy":"category","embeddable":true,"href":"https:\/\/eldiariodesanpedro.com.ar\/sitio\/wp-json\/wp\/v2\/categories?post=150327"},{"taxonomy":"post_tag","embeddable":true,"href":"https:\/\/eldiariodesanpedro.com.ar\/sitio\/wp-json\/wp\/v2\/tags?post=150327"}],"curies":[{"name":"wp","href":"https:\/\/api.w.org\/{rel}","templated":true}]}}