{"id":15032,"date":"2017-02-19T20:30:04","date_gmt":"2017-02-19T23:30:04","guid":{"rendered":"https:\/\/eldiariodesanpedro.com.ar\/sitio\/?p=15032"},"modified":"2026-01-24T00:31:01","modified_gmt":"2026-01-24T03:31:01","slug":"futbol-nacional-lo-unico-imposible-es-aquello-que-no-intentas","status":"publish","type":"post","link":"https:\/\/eldiariodesanpedro.com.ar\/sitio\/futbol-nacional-lo-unico-imposible-es-aquello-que-no-intentas\/","title":{"rendered":"F\u00daTBOL NACIONAL: \u201cLo \u00fanico imposible es aquello que no intentas\u201d"},"content":{"rendered":"<p><!-- VideographyWP Plugin Message: Automatic video embedding prevented by plugin options. --><br \/>\nMat\u00edas Sacc\u00e1, ex Paran\u00e1 FC, fue campe\u00f3n con el seleccionado sub 17 de la liga sampedrina y jug\u00f3 el torneo Nacional de Salta. Fue observado en su momento por el cuerpo t\u00e9cnico del club Hurac\u00e1n, donde lleg\u00f3 hace cerca de dos a\u00f1os, en di\u00e1logo con El Diario de San Pedro el defensor dijo \u00bb termine jugando bien, de titular, y en lo colectivo no nos fue como quer\u00edamos pero bueno&#8230;.\u00bb.<\/p>\n<p>Sus expectativas fueron cumpli\u00e9ndose en la temporada pasada \u00bb durante el a\u00f1o entren\u00e9 un par de veces con primera divisi\u00f3n, que pocos pueden hacerlo, pudiendo marcar a grandes jugadores como Wanchope Avila, Montenegro, Toranzo, entre otros, dejando una muy linda experiencia para mi \u00ab.<\/p>\n<p>Su continuidad en el f\u00fatbol de AFA no ser\u00e1 el equipo de Parque Patricios \u00bb a pesar de todo lo bueno no seguir\u00e9 en Hurac\u00e1n, mis expectativas son muy buenas ya que tengo algunas propuestas que lo est\u00e1 manejando mi representante \u00ab, finaliz\u00f3.<\/p>\n<p>Mat\u00edas se aferra a la frase \u00bb Lo \u00fanico imposible es aquello que no intentas \u00ab, seg\u00fan se puede ver en su face personal.<\/p>\n","protected":false},"excerpt":{"rendered":"<p>Mat\u00edas Sacc\u00e1, ex Paran\u00e1 FC, fue campe\u00f3n con el seleccionado sub 17 de la liga sampedrina y jug\u00f3 el torneo Nacional de Salta. Fue observado en su momento por el cuerpo t\u00e9cnico del club Hurac\u00e1n, donde lleg\u00f3 hace cerca de dos a\u00f1os, en di\u00e1logo con El Diario de San Pedro el defensor dijo \u00bb termine [&hellip;]<\/p>\n","protected":false},"author":4,"featured_media":15033,"comment_status":"open","ping_status":"closed","sticky":false,"template":"","format":"standard","meta":{"om_disable_all_campaigns":false,"_jetpack_memberships_contains_paid_content":false,"footnotes":""},"categories":[5],"tags":[],"class_list":["post-15032","post","type-post","status-publish","format-standard","has-post-thumbnail","hentry","category-deportes"],"aioseo_notices":[],"gutentor_comment":0,"jetpack_featured_media_url":"https:\/\/eldiariodesanpedro.com.ar\/sitio\/wp-content\/uploads\/2017\/02\/Mat\u00edas-Sacc\u00e1-con-la-camiseta-de-Paran\u00e1-FC.jpg","jetpack_shortlink":"https:\/\/wp.me\/p6RhLt-3Us","jetpack_sharing_enabled":true,"_links":{"self":[{"href":"https:\/\/eldiariodesanpedro.com.ar\/sitio\/wp-json\/wp\/v2\/posts\/15032","targetHints":{"allow":["GET"]}}],"collection":[{"href":"https:\/\/eldiariodesanpedro.com.ar\/sitio\/wp-json\/wp\/v2\/posts"}],"about":[{"href":"https:\/\/eldiariodesanpedro.com.ar\/sitio\/wp-json\/wp\/v2\/types\/post"}],"author":[{"embeddable":true,"href":"https:\/\/eldiariodesanpedro.com.ar\/sitio\/wp-json\/wp\/v2\/users\/4"}],"replies":[{"embeddable":true,"href":"https:\/\/eldiariodesanpedro.com.ar\/sitio\/wp-json\/wp\/v2\/comments?post=15032"}],"version-history":[{"count":1,"href":"https:\/\/eldiariodesanpedro.com.ar\/sitio\/wp-json\/wp\/v2\/posts\/15032\/revisions"}],"predecessor-version":[{"id":15034,"href":"https:\/\/eldiariodesanpedro.com.ar\/sitio\/wp-json\/wp\/v2\/posts\/15032\/revisions\/15034"}],"wp:featuredmedia":[{"embeddable":true,"href":"https:\/\/eldiariodesanpedro.com.ar\/sitio\/wp-json\/wp\/v2\/media\/15033"}],"wp:attachment":[{"href":"https:\/\/eldiariodesanpedro.com.ar\/sitio\/wp-json\/wp\/v2\/media?parent=15032"}],"wp:term":[{"taxonomy":"category","embeddable":true,"href":"https:\/\/eldiariodesanpedro.com.ar\/sitio\/wp-json\/wp\/v2\/categories?post=15032"},{"taxonomy":"post_tag","embeddable":true,"href":"https:\/\/eldiariodesanpedro.com.ar\/sitio\/wp-json\/wp\/v2\/tags?post=15032"}],"curies":[{"name":"wp","href":"https:\/\/api.w.org\/{rel}","templated":true}]}}