{"id":150316,"date":"2026-04-29T11:00:20","date_gmt":"2026-04-29T14:00:20","guid":{"rendered":"https:\/\/eldiariodesanpedro.com.ar\/sitio\/?p=150316"},"modified":"2026-04-29T11:00:25","modified_gmt":"2026-04-29T14:00:25","slug":"robo-en-un-local-de-indumentaria-deportiva-un-detenido-tras-un-rapido-operativo","status":"publish","type":"post","link":"https:\/\/eldiariodesanpedro.com.ar\/sitio\/robo-en-un-local-de-indumentaria-deportiva-un-detenido-tras-un-rapido-operativo\/","title":{"rendered":"Robo en un local de indumentaria deportiva: un detenido tras un r\u00e1pido operativo"},"content":{"rendered":"<!-- VideographyWP Plugin Message: Automatic video embedding prevented by plugin options. -->\n\n<p>Un comercio de indumentaria deportiva fue blanco de un robo durante la ma\u00f1ana de este mi\u00e9rcoles. Un sospechoso fue detenido con parte de lo sustra\u00eddo.<\/p>\n\n\n\n<p>El hecho ocurri\u00f3 en <strong>la ma\u00f1ana de este mi\u00e9rcoles<\/strong> en un local ubicado sobre <strong>calle Sarmiento al 950<\/strong>, donde autores ignorados <strong>forzaron la reja de seguridad<\/strong> y <strong>rompieron el vidrio de la puerta de acceso<\/strong> para ingresar al establecimiento.<\/p>\n\n\n\n<p>Ya en el interior, los delincuentes <strong>sustrajeron mercader\u00eda<\/strong> y escaparon del lugar. Tras el alerta, <strong>personal policial despleg\u00f3 un operativo<\/strong> que permiti\u00f3 <strong>la aprehensi\u00f3n de uno de los sospechosos<\/strong>, quien fue interceptado <strong>con parte de los elementos robados en su poder<\/strong>.<\/p>\n\n\n\n<p>El detenido qued\u00f3 a disposici\u00f3n de la Justicia, mientras que <strong>la investigaci\u00f3n contin\u00faa<\/strong> con el objetivo de <strong>identificar y localizar a los dem\u00e1s involucrados<\/strong> en el hecho.<\/p>\n\n\n\n<p>#Robo #Inseguridad #Policiales #Detenido #Comercio #IndumentariaDeportiva #Investigaci\u00f3n<\/p>\n\n\n\n<figure class=\"wp-block-image size-large\"><img decoding=\"async\" width=\"1024\" height=\"576\" data-attachment-id=\"150318\" data-permalink=\"https:\/\/eldiariodesanpedro.com.ar\/sitio\/whatsapp-image-2026-04-29-at-08-50-11\/\" data-orig-file=\"https:\/\/eldiariodesanpedro.com.ar\/sitio\/wp-content\/uploads\/2026\/04\/WhatsApp-Image-2026-04-29-at-08.50.11.jpeg\" data-orig-size=\"1120,630\" data-comments-opened=\"0\" data-image-meta=\"{&quot;aperture&quot;:&quot;0&quot;,&quot;credit&quot;:&quot;&quot;,&quot;camera&quot;:&quot;&quot;,&quot;caption&quot;:&quot;&quot;,&quot;created_timestamp&quot;:&quot;0&quot;,&quot;copyright&quot;:&quot;&quot;,&quot;focal_length&quot;:&quot;0&quot;,&quot;iso&quot;:&quot;0&quot;,&quot;shutter_speed&quot;:&quot;0&quot;,&quot;title&quot;:&quot;&quot;,&quot;orientation&quot;:&quot;0&quot;}\" data-image-title=\"WhatsApp Image 2026-04-29 at 08.50.11\" data-image-description=\"\" data-image-caption=\"\" data-large-file=\"https:\/\/eldiariodesanpedro.com.ar\/sitio\/wp-content\/uploads\/2026\/04\/WhatsApp-Image-2026-04-29-at-08.50.11-1024x576.jpeg\" data-src=\"https:\/\/eldiariodesanpedro.com.ar\/sitio\/wp-content\/uploads\/2026\/04\/WhatsApp-Image-2026-04-29-at-08.50.11-1024x576.jpeg\" alt=\"\" class=\"wp-image-150318 lazyload\" data-srcset=\"https:\/\/eldiariodesanpedro.com.ar\/sitio\/wp-content\/uploads\/2026\/04\/WhatsApp-Image-2026-04-29-at-08.50.11-1024x576.jpeg 1024w, https:\/\/eldiariodesanpedro.com.ar\/sitio\/wp-content\/uploads\/2026\/04\/WhatsApp-Image-2026-04-29-at-08.50.11-300x169.jpeg 300w, https:\/\/eldiariodesanpedro.com.ar\/sitio\/wp-content\/uploads\/2026\/04\/WhatsApp-Image-2026-04-29-at-08.50.11-768x432.jpeg 768w, https:\/\/eldiariodesanpedro.com.ar\/sitio\/wp-content\/uploads\/2026\/04\/WhatsApp-Image-2026-04-29-at-08.50.11.jpeg 1120w\" data-sizes=\"(max-width: 1024px) 100vw, 1024px\" src=\"data:image\/svg+xml;base64,PHN2ZyB3aWR0aD0iMSIgaGVpZ2h0PSIxIiB4bWxucz0iaHR0cDovL3d3dy53My5vcmcvMjAwMC9zdmciPjwvc3ZnPg==\" style=\"--smush-placeholder-width: 1024px; --smush-placeholder-aspect-ratio: 1024\/576;\" \/><\/figure>\n","protected":false},"excerpt":{"rendered":"<p>Un comercio de indumentaria deportiva fue blanco de un robo durante la ma\u00f1ana de este mi\u00e9rcoles. Un sospechoso fue detenido con parte de lo sustra\u00eddo. El hecho ocurri\u00f3 en la ma\u00f1ana de este mi\u00e9rcoles en un local ubicado sobre calle Sarmiento al 950, donde autores ignorados forzaron la reja de seguridad y rompieron el vidrio [&hellip;]<\/p>\n","protected":false},"author":4,"featured_media":150317,"comment_status":"closed","ping_status":"closed","sticky":false,"template":"","format":"standard","meta":{"om_disable_all_campaigns":false,"_jetpack_memberships_contains_paid_content":false,"footnotes":""},"categories":[50,2,103],"tags":[8677,10493,5214,10494,4055,10492,10491],"class_list":["post-150316","post","type-post","status-publish","format-standard","has-post-thumbnail","hentry","category-destacadas","category-locales","category-policiales-locales","tag-detenido-por-robo","tag-inseguridad-en-comercios","tag-investigacion-policial","tag-mercaderia-robada","tag-operativo-policial","tag-robo-comercio-sarmiento-950","tag-robo-en-local-de-ropa-deportiva"],"aioseo_notices":[],"gutentor_comment":0,"jetpack_featured_media_url":"https:\/\/eldiariodesanpedro.com.ar\/sitio\/wp-content\/uploads\/2026\/04\/WhatsApp-Image-2026-04-29-at-08.50.10.jpeg","jetpack_shortlink":"https:\/\/wp.me\/p6RhLt-D6s","jetpack_sharing_enabled":true,"_links":{"self":[{"href":"https:\/\/eldiariodesanpedro.com.ar\/sitio\/wp-json\/wp\/v2\/posts\/150316","targetHints":{"allow":["GET"]}}],"collection":[{"href":"https:\/\/eldiariodesanpedro.com.ar\/sitio\/wp-json\/wp\/v2\/posts"}],"about":[{"href":"https:\/\/eldiariodesanpedro.com.ar\/sitio\/wp-json\/wp\/v2\/types\/post"}],"author":[{"embeddable":true,"href":"https:\/\/eldiariodesanpedro.com.ar\/sitio\/wp-json\/wp\/v2\/users\/4"}],"replies":[{"embeddable":true,"href":"https:\/\/eldiariodesanpedro.com.ar\/sitio\/wp-json\/wp\/v2\/comments?post=150316"}],"version-history":[{"count":1,"href":"https:\/\/eldiariodesanpedro.com.ar\/sitio\/wp-json\/wp\/v2\/posts\/150316\/revisions"}],"predecessor-version":[{"id":150319,"href":"https:\/\/eldiariodesanpedro.com.ar\/sitio\/wp-json\/wp\/v2\/posts\/150316\/revisions\/150319"}],"wp:featuredmedia":[{"embeddable":true,"href":"https:\/\/eldiariodesanpedro.com.ar\/sitio\/wp-json\/wp\/v2\/media\/150317"}],"wp:attachment":[{"href":"https:\/\/eldiariodesanpedro.com.ar\/sitio\/wp-json\/wp\/v2\/media?parent=150316"}],"wp:term":[{"taxonomy":"category","embeddable":true,"href":"https:\/\/eldiariodesanpedro.com.ar\/sitio\/wp-json\/wp\/v2\/categories?post=150316"},{"taxonomy":"post_tag","embeddable":true,"href":"https:\/\/eldiariodesanpedro.com.ar\/sitio\/wp-json\/wp\/v2\/tags?post=150316"}],"curies":[{"name":"wp","href":"https:\/\/api.w.org\/{rel}","templated":true}]}}