{"id":150307,"date":"2026-04-29T10:45:36","date_gmt":"2026-04-29T13:45:36","guid":{"rendered":"https:\/\/eldiariodesanpedro.com.ar\/sitio\/?p=150307"},"modified":"2026-04-29T10:45:41","modified_gmt":"2026-04-29T13:45:41","slug":"destacada-actuacion-de-atleta-local-y-jornada-positiva-para-el-softbol-municipal","status":"publish","type":"post","link":"https:\/\/eldiariodesanpedro.com.ar\/sitio\/destacada-actuacion-de-atleta-local-y-jornada-positiva-para-el-softbol-municipal\/","title":{"rendered":"Destacada actuaci\u00f3n de atleta local y jornada positiva para el softbol municipal"},"content":{"rendered":"<!-- VideographyWP Plugin Message: Automatic video embedding prevented by plugin options. -->\n\n<p><strong>Un representante del atletismo logr\u00f3 marcas personales y clasificaci\u00f3n nacional, mientras el softbol sum\u00f3 experiencia en un encuentro formativo.<\/strong><\/p>\n\n\n\n<p>La actividad de las Escuelas Deportivas Municipales dej\u00f3 resultados destacados durante el \u00faltimo fin de semana, con participaci\u00f3n en competencias provinciales y encuentros formativos en distintas disciplinas.<\/p>\n\n\n\n<p>En atletismo, <strong>Aaron Mindurry<\/strong> compiti\u00f3 en el <strong>Campeonato Provincial U20 disputado en La Plata<\/strong>, donde alcanz\u00f3 el <strong>4\u00b0 puesto en los 110 metros con vallas<\/strong>, registrando su <strong>mejor marca personal de 15&#8243;94<\/strong>. Adem\u00e1s, logr\u00f3 el <strong>3\u00b0 lugar en los 400 metros llanos<\/strong>, tambi\u00e9n con r\u00e9cord personal de <strong>54&#8243;88<\/strong>.<\/p>\n\n\n\n<p>Gracias a estos resultados, el atleta obtuvo la <strong>clasificaci\u00f3n al Campeonato Nacional U20<\/strong>, que se llevar\u00e1 a cabo los <strong>d\u00edas 9 y 10 de mayo en Concepci\u00f3n del Uruguay, Entre R\u00edos<\/strong>. La actuaci\u00f3n fue acompa\u00f1ada por el trabajo de sus entrenadores <strong>Leonardo Bargues y Lourdes Dalinger<\/strong>.<\/p>\n\n\n\n<p>Por otra parte, el softbol municipal particip\u00f3 de un <strong>encuentro de categor\u00edas formativas en el Polideportivo de Presidente Derqui<\/strong>, con la presencia de equipos Sub12, Sub16 y Sub18.<\/p>\n\n\n\n<p>En la categor\u00eda <strong>Sub16 mixta<\/strong>, el equipo logr\u00f3 una <strong>victoria ante Campana por 10 a 3<\/strong> y cay\u00f3 frente a <strong>Merlo por 8 a 7<\/strong>. En <strong>Sub12 mixta<\/strong>, se registr\u00f3 un <strong>empate 6 a 6 con el Colegio Emanuel<\/strong>, adem\u00e1s de triunfos ante <strong>Campana (9 a 5)<\/strong> y <strong>Merlo (6 a 4)<\/strong>. Por su parte, la categor\u00eda <strong>Sub18<\/strong> obtuvo una <strong>victoria frente a Pilar por 7 a 4<\/strong> y una derrota ante <strong>Merlo por 6 a 4<\/strong>.<\/p>\n\n\n\n<p>La jornada se desarroll\u00f3 en un marco de competencia y formaci\u00f3n deportiva, con participaci\u00f3n de distintas instituciones y el acompa\u00f1amiento de entrenadores y familias.<\/p>\n\n\n\n<p>#Deportes #Atletismo #Softbol #EscuelasDeportivas #DeporteLocal #Competencia #Juveniles #Argentina<\/p>\n\n\n\n<div class=\"wp-block-jetpack-slideshow aligncenter\" data-effect=\"slide\" style=\"--aspect-ratio:calc(473 \/ 630)\"><div class=\"wp-block-jetpack-slideshow_container swiper\"><ul class=\"wp-block-jetpack-slideshow_swiper-wrapper swiper-wrapper\"><li class=\"wp-block-jetpack-slideshow_slide swiper-slide\"><figure><img decoding=\"async\" width=\"473\" height=\"630\" alt=\"\" class=\"wp-block-jetpack-slideshow_image wp-image-150314 lazyload\" data-id=\"150314\" data-aspect-ratio=\"473 \/ 630\" data-src=\"https:\/\/eldiariodesanpedro.com.ar\/sitio\/wp-content\/uploads\/2026\/04\/WhatsApp-Image-2026-04-29-at-09.21.002.jpeg\" data-srcset=\"https:\/\/eldiariodesanpedro.com.ar\/sitio\/wp-content\/uploads\/2026\/04\/WhatsApp-Image-2026-04-29-at-09.21.002.jpeg 473w, https:\/\/eldiariodesanpedro.com.ar\/sitio\/wp-content\/uploads\/2026\/04\/WhatsApp-Image-2026-04-29-at-09.21.002-225x300.jpeg 225w\" data-sizes=\"(max-width: 473px) 100vw, 473px\" src=\"data:image\/svg+xml;base64,PHN2ZyB3aWR0aD0iMSIgaGVpZ2h0PSIxIiB4bWxucz0iaHR0cDovL3d3dy53My5vcmcvMjAwMC9zdmciPjwvc3ZnPg==\" style=\"--smush-placeholder-width: 473px; --smush-placeholder-aspect-ratio: 473\/630;\" \/><\/figure><\/li><li class=\"wp-block-jetpack-slideshow_slide swiper-slide\"><figure><img decoding=\"async\" width=\"1024\" height=\"576\" alt=\"\" class=\"wp-block-jetpack-slideshow_image wp-image-150313 lazyload\" data-id=\"150313\" data-aspect-ratio=\"640 \/ 360\" data-src=\"https:\/\/eldiariodesanpedro.com.ar\/sitio\/wp-content\/uploads\/2026\/04\/WhatsApp-Image-2026-04-29-at-09.21.001-1024x576.jpeg\" data-srcset=\"https:\/\/eldiariodesanpedro.com.ar\/sitio\/wp-content\/uploads\/2026\/04\/WhatsApp-Image-2026-04-29-at-09.21.001-1024x576.jpeg 1024w, https:\/\/eldiariodesanpedro.com.ar\/sitio\/wp-content\/uploads\/2026\/04\/WhatsApp-Image-2026-04-29-at-09.21.001-300x169.jpeg 300w, https:\/\/eldiariodesanpedro.com.ar\/sitio\/wp-content\/uploads\/2026\/04\/WhatsApp-Image-2026-04-29-at-09.21.001-768x432.jpeg 768w, https:\/\/eldiariodesanpedro.com.ar\/sitio\/wp-content\/uploads\/2026\/04\/WhatsApp-Image-2026-04-29-at-09.21.001.jpeg 1120w\" data-sizes=\"(max-width: 1024px) 100vw, 1024px\" src=\"data:image\/svg+xml;base64,PHN2ZyB3aWR0aD0iMSIgaGVpZ2h0PSIxIiB4bWxucz0iaHR0cDovL3d3dy53My5vcmcvMjAwMC9zdmciPjwvc3ZnPg==\" style=\"--smush-placeholder-width: 1024px; --smush-placeholder-aspect-ratio: 1024\/576;\" \/><\/figure><\/li><li class=\"wp-block-jetpack-slideshow_slide swiper-slide\"><figure><img decoding=\"async\" width=\"840\" height=\"630\" alt=\"\" class=\"wp-block-jetpack-slideshow_image wp-image-150312 lazyload\" data-id=\"150312\" data-aspect-ratio=\"840 \/ 630\" data-src=\"https:\/\/eldiariodesanpedro.com.ar\/sitio\/wp-content\/uploads\/2026\/04\/WhatsApp-Image-2026-04-29-at-09.21.00.jpeg\" data-srcset=\"https:\/\/eldiariodesanpedro.com.ar\/sitio\/wp-content\/uploads\/2026\/04\/WhatsApp-Image-2026-04-29-at-09.21.00.jpeg 840w, https:\/\/eldiariodesanpedro.com.ar\/sitio\/wp-content\/uploads\/2026\/04\/WhatsApp-Image-2026-04-29-at-09.21.00-300x225.jpeg 300w, https:\/\/eldiariodesanpedro.com.ar\/sitio\/wp-content\/uploads\/2026\/04\/WhatsApp-Image-2026-04-29-at-09.21.00-768x576.jpeg 768w, https:\/\/eldiariodesanpedro.com.ar\/sitio\/wp-content\/uploads\/2026\/04\/WhatsApp-Image-2026-04-29-at-09.21.00-272x204.jpeg 272w\" data-sizes=\"(max-width: 840px) 100vw, 840px\" src=\"data:image\/svg+xml;base64,PHN2ZyB3aWR0aD0iMSIgaGVpZ2h0PSIxIiB4bWxucz0iaHR0cDovL3d3dy53My5vcmcvMjAwMC9zdmciPjwvc3ZnPg==\" style=\"--smush-placeholder-width: 840px; --smush-placeholder-aspect-ratio: 840\/630;\" \/><\/figure><\/li><li class=\"wp-block-jetpack-slideshow_slide swiper-slide\"><figure><img decoding=\"async\" width=\"473\" height=\"630\" alt=\"\" class=\"wp-block-jetpack-slideshow_image wp-image-150311 lazyload\" data-id=\"150311\" data-aspect-ratio=\"473 \/ 630\" data-src=\"https:\/\/eldiariodesanpedro.com.ar\/sitio\/wp-content\/uploads\/2026\/04\/WhatsApp-Image-2026-04-29-at-09.20.591.jpeg\" data-srcset=\"https:\/\/eldiariodesanpedro.com.ar\/sitio\/wp-content\/uploads\/2026\/04\/WhatsApp-Image-2026-04-29-at-09.20.591.jpeg 473w, https:\/\/eldiariodesanpedro.com.ar\/sitio\/wp-content\/uploads\/2026\/04\/WhatsApp-Image-2026-04-29-at-09.20.591-225x300.jpeg 225w\" data-sizes=\"(max-width: 473px) 100vw, 473px\" src=\"data:image\/svg+xml;base64,PHN2ZyB3aWR0aD0iMSIgaGVpZ2h0PSIxIiB4bWxucz0iaHR0cDovL3d3dy53My5vcmcvMjAwMC9zdmciPjwvc3ZnPg==\" style=\"--smush-placeholder-width: 473px; --smush-placeholder-aspect-ratio: 473\/630;\" \/><\/figure><\/li><li class=\"wp-block-jetpack-slideshow_slide swiper-slide\"><figure><img decoding=\"async\" width=\"354\" height=\"630\" alt=\"\" class=\"wp-block-jetpack-slideshow_image wp-image-150310 lazyload\" data-id=\"150310\" data-aspect-ratio=\"354 \/ 630\" data-src=\"https:\/\/eldiariodesanpedro.com.ar\/sitio\/wp-content\/uploads\/2026\/04\/WhatsApp-Image-2026-04-29-at-09.20.59.jpeg\" data-srcset=\"https:\/\/eldiariodesanpedro.com.ar\/sitio\/wp-content\/uploads\/2026\/04\/WhatsApp-Image-2026-04-29-at-09.20.59.jpeg 354w, https:\/\/eldiariodesanpedro.com.ar\/sitio\/wp-content\/uploads\/2026\/04\/WhatsApp-Image-2026-04-29-at-09.20.59-169x300.jpeg 169w\" data-sizes=\"(max-width: 354px) 100vw, 354px\" src=\"data:image\/svg+xml;base64,PHN2ZyB3aWR0aD0iMSIgaGVpZ2h0PSIxIiB4bWxucz0iaHR0cDovL3d3dy53My5vcmcvMjAwMC9zdmciPjwvc3ZnPg==\" style=\"--smush-placeholder-width: 354px; --smush-placeholder-aspect-ratio: 354\/630;\" \/><\/figure><\/li><li class=\"wp-block-jetpack-slideshow_slide swiper-slide\"><figure><img decoding=\"async\" width=\"470\" height=\"630\" alt=\"\" class=\"wp-block-jetpack-slideshow_image wp-image-150309 lazyload\" data-id=\"150309\" data-aspect-ratio=\"470 \/ 630\" data-src=\"https:\/\/eldiariodesanpedro.com.ar\/sitio\/wp-content\/uploads\/2026\/04\/WhatsApp-Image-2026-04-29-at-09.20.58.jpeg\" data-srcset=\"https:\/\/eldiariodesanpedro.com.ar\/sitio\/wp-content\/uploads\/2026\/04\/WhatsApp-Image-2026-04-29-at-09.20.58.jpeg 470w, https:\/\/eldiariodesanpedro.com.ar\/sitio\/wp-content\/uploads\/2026\/04\/WhatsApp-Image-2026-04-29-at-09.20.58-224x300.jpeg 224w\" data-sizes=\"(max-width: 470px) 100vw, 470px\" src=\"data:image\/svg+xml;base64,PHN2ZyB3aWR0aD0iMSIgaGVpZ2h0PSIxIiB4bWxucz0iaHR0cDovL3d3dy53My5vcmcvMjAwMC9zdmciPjwvc3ZnPg==\" style=\"--smush-placeholder-width: 470px; --smush-placeholder-aspect-ratio: 470\/630;\" \/><\/figure><\/li><\/ul><a class=\"wp-block-jetpack-slideshow_button-prev swiper-button-prev swiper-button-white\" role=\"button\"><\/a><a class=\"wp-block-jetpack-slideshow_button-next swiper-button-next swiper-button-white\" role=\"button\"><\/a><a aria-label=\"Pause Slideshow\" class=\"wp-block-jetpack-slideshow_button-pause\" role=\"button\"><\/a><div class=\"wp-block-jetpack-slideshow_pagination swiper-pagination swiper-pagination-white\"><\/div><\/div><\/div>\n","protected":false},"excerpt":{"rendered":"<p>Un representante del atletismo logr\u00f3 marcas personales y clasificaci\u00f3n nacional, mientras el softbol sum\u00f3 experiencia en un encuentro formativo. La actividad de las Escuelas Deportivas Municipales dej\u00f3 resultados destacados durante el \u00faltimo fin de semana, con participaci\u00f3n en competencias provinciales y encuentros formativos en distintas disciplinas. En atletismo, Aaron Mindurry compiti\u00f3 en el Campeonato Provincial [&hellip;]<\/p>\n","protected":false},"author":4,"featured_media":150308,"comment_status":"closed","ping_status":"closed","sticky":false,"template":"","format":"standard","meta":{"om_disable_all_campaigns":false,"_jetpack_memberships_contains_paid_content":false,"footnotes":""},"categories":[101,2],"tags":[10486,10487,6265,10485,10490,10488,6675,10489],"class_list":["post-150307","post","type-post","status-publish","format-standard","has-post-thumbnail","hentry","category-interes-general-locales","category-locales","tag-aaron-mindurry-resultados","tag-atletismo-u20","tag-campeonato-nacional-u20","tag-campeonato-provincial-la-plata","tag-competencias-juveniles","tag-deporte-amateur-argentina","tag-escuelas-deportivas-municipales","tag-softbol-juvenil"],"aioseo_notices":[],"gutentor_comment":0,"jetpack_featured_media_url":"https:\/\/eldiariodesanpedro.com.ar\/sitio\/wp-content\/uploads\/2026\/04\/medida-3-3.jpg","jetpack_shortlink":"https:\/\/wp.me\/p6RhLt-D6j","jetpack_sharing_enabled":true,"_links":{"self":[{"href":"https:\/\/eldiariodesanpedro.com.ar\/sitio\/wp-json\/wp\/v2\/posts\/150307","targetHints":{"allow":["GET"]}}],"collection":[{"href":"https:\/\/eldiariodesanpedro.com.ar\/sitio\/wp-json\/wp\/v2\/posts"}],"about":[{"href":"https:\/\/eldiariodesanpedro.com.ar\/sitio\/wp-json\/wp\/v2\/types\/post"}],"author":[{"embeddable":true,"href":"https:\/\/eldiariodesanpedro.com.ar\/sitio\/wp-json\/wp\/v2\/users\/4"}],"replies":[{"embeddable":true,"href":"https:\/\/eldiariodesanpedro.com.ar\/sitio\/wp-json\/wp\/v2\/comments?post=150307"}],"version-history":[{"count":1,"href":"https:\/\/eldiariodesanpedro.com.ar\/sitio\/wp-json\/wp\/v2\/posts\/150307\/revisions"}],"predecessor-version":[{"id":150315,"href":"https:\/\/eldiariodesanpedro.com.ar\/sitio\/wp-json\/wp\/v2\/posts\/150307\/revisions\/150315"}],"wp:featuredmedia":[{"embeddable":true,"href":"https:\/\/eldiariodesanpedro.com.ar\/sitio\/wp-json\/wp\/v2\/media\/150308"}],"wp:attachment":[{"href":"https:\/\/eldiariodesanpedro.com.ar\/sitio\/wp-json\/wp\/v2\/media?parent=150307"}],"wp:term":[{"taxonomy":"category","embeddable":true,"href":"https:\/\/eldiariodesanpedro.com.ar\/sitio\/wp-json\/wp\/v2\/categories?post=150307"},{"taxonomy":"post_tag","embeddable":true,"href":"https:\/\/eldiariodesanpedro.com.ar\/sitio\/wp-json\/wp\/v2\/tags?post=150307"}],"curies":[{"name":"wp","href":"https:\/\/api.w.org\/{rel}","templated":true}]}}