{"id":150292,"date":"2026-04-28T16:03:25","date_gmt":"2026-04-28T19:03:25","guid":{"rendered":"https:\/\/eldiariodesanpedro.com.ar\/sitio\/?p=150292"},"modified":"2026-04-28T16:03:33","modified_gmt":"2026-04-28T19:03:33","slug":"suspenden-por-90-dias-la-entrega-del-modulo-alimentario-mesa","status":"publish","type":"post","link":"https:\/\/eldiariodesanpedro.com.ar\/sitio\/suspenden-por-90-dias-la-entrega-del-modulo-alimentario-mesa\/","title":{"rendered":"Suspenden por 90 d\u00edas la entrega del m\u00f3dulo alimentario MESA"},"content":{"rendered":"<!-- VideographyWP Plugin Message: Automatic video embedding prevented by plugin options. -->\n\n<p><strong>El Consejo Escolar confirm\u00f3 la interrupci\u00f3n temporal del programa MESA en todas las escuelas del distrito por un plazo de 90 d\u00edas.<\/strong><\/p>\n\n\n\n<p>El <strong>Consejo Escolar de San Pedro<\/strong> inform\u00f3 la <strong>suspensi\u00f3n transitoria de la entrega del M\u00f3dulo Extraordinario para la Seguridad Alimentaria (MESA)<\/strong> en la totalidad de los establecimientos educativos del distrito.<\/p>\n\n\n\n<p>La medida fue establecida mediante la <strong>resoluci\u00f3n RESO-842\/2026<\/strong> y tendr\u00e1 una vigencia de <strong>90 d\u00edas<\/strong> a partir de su implementaci\u00f3n. De acuerdo a lo comunicado oficialmente, la decisi\u00f3n responde a <strong>disposiciones administrativas y operativas definidas por autoridades provinciales<\/strong>, en el marco de un proceso de <strong>reorganizaci\u00f3n y adecuaci\u00f3n del sistema de distribuci\u00f3n del programa alimentario<\/strong>.<\/p>\n\n\n\n<p>Durante este per\u00edodo, desde el organismo local indicaron que continuar\u00e1n trabajando en <strong>coordinaci\u00f3n con autoridades educativas provinciales y equipos directivos escolares<\/strong>, con el objetivo de asegurar la <strong>correcta comunicaci\u00f3n y acompa\u00f1amiento a las familias beneficiarias<\/strong>.<\/p>\n\n\n\n<p>Adem\u00e1s, se solicit\u00f3 a la comunidad mantenerse informada a trav\u00e9s de los <strong>canales oficiales del Consejo Escolar y de cada instituci\u00f3n educativa<\/strong>, donde se brindar\u00e1n las actualizaciones correspondientes.<\/p>\n\n\n\n<p>La suspensi\u00f3n del programa impacta en las familias que reciben estos m\u00f3dulos como <strong>complemento de la asistencia alimentaria escolar<\/strong>, mientras se desarrolla el proceso de reorganizaci\u00f3n dispuesto a nivel provincial.<\/p>\n\n\n\n<p>#MESA #ModuloAlimentario #ConsejoEscolar #Educacion #AsistenciaAlimentaria #Escuelas #Provincia #SanPedro #ProgramaMESA<\/p>\n","protected":false},"excerpt":{"rendered":"<p>El Consejo Escolar confirm\u00f3 la interrupci\u00f3n temporal del programa MESA en todas las escuelas del distrito por un plazo de 90 d\u00edas. El Consejo Escolar de San Pedro inform\u00f3 la suspensi\u00f3n transitoria de la entrega del M\u00f3dulo Extraordinario para la Seguridad Alimentaria (MESA) en la totalidad de los establecimientos educativos del distrito. La medida fue [&hellip;]<\/p>\n","protected":false},"author":4,"featured_media":150293,"comment_status":"closed","ping_status":"closed","sticky":false,"template":"","format":"standard","meta":{"om_disable_all_campaigns":false,"_jetpack_memberships_contains_paid_content":false,"footnotes":""},"categories":[101,2],"tags":[10476,5915,10477,10474,10475,10473,10472],"class_list":["post-150292","post","type-post","status-publish","format-standard","has-post-thumbnail","hentry","category-interes-general-locales","category-locales","tag-asistencia-alimentaria-escolar","tag-consejo-escolar-san-pedro","tag-entrega-de-alimentos-escuelas","tag-modulo-alimentario-mesa","tag-programa-alimentario-escuelas","tag-resolucion-reso-842-2026","tag-suspension-mesa-2026"],"aioseo_notices":[],"gutentor_comment":0,"jetpack_featured_media_url":"https:\/\/eldiariodesanpedro.com.ar\/sitio\/wp-content\/uploads\/2026\/04\/681598716_840365059123227_3103253128537110178_n.jpg","jetpack_shortlink":"https:\/\/wp.me\/p6RhLt-D64","jetpack_sharing_enabled":true,"_links":{"self":[{"href":"https:\/\/eldiariodesanpedro.com.ar\/sitio\/wp-json\/wp\/v2\/posts\/150292","targetHints":{"allow":["GET"]}}],"collection":[{"href":"https:\/\/eldiariodesanpedro.com.ar\/sitio\/wp-json\/wp\/v2\/posts"}],"about":[{"href":"https:\/\/eldiariodesanpedro.com.ar\/sitio\/wp-json\/wp\/v2\/types\/post"}],"author":[{"embeddable":true,"href":"https:\/\/eldiariodesanpedro.com.ar\/sitio\/wp-json\/wp\/v2\/users\/4"}],"replies":[{"embeddable":true,"href":"https:\/\/eldiariodesanpedro.com.ar\/sitio\/wp-json\/wp\/v2\/comments?post=150292"}],"version-history":[{"count":2,"href":"https:\/\/eldiariodesanpedro.com.ar\/sitio\/wp-json\/wp\/v2\/posts\/150292\/revisions"}],"predecessor-version":[{"id":150295,"href":"https:\/\/eldiariodesanpedro.com.ar\/sitio\/wp-json\/wp\/v2\/posts\/150292\/revisions\/150295"}],"wp:featuredmedia":[{"embeddable":true,"href":"https:\/\/eldiariodesanpedro.com.ar\/sitio\/wp-json\/wp\/v2\/media\/150293"}],"wp:attachment":[{"href":"https:\/\/eldiariodesanpedro.com.ar\/sitio\/wp-json\/wp\/v2\/media?parent=150292"}],"wp:term":[{"taxonomy":"category","embeddable":true,"href":"https:\/\/eldiariodesanpedro.com.ar\/sitio\/wp-json\/wp\/v2\/categories?post=150292"},{"taxonomy":"post_tag","embeddable":true,"href":"https:\/\/eldiariodesanpedro.com.ar\/sitio\/wp-json\/wp\/v2\/tags?post=150292"}],"curies":[{"name":"wp","href":"https:\/\/api.w.org\/{rel}","templated":true}]}}