{"id":150289,"date":"2026-04-28T15:06:47","date_gmt":"2026-04-28T18:06:47","guid":{"rendered":"https:\/\/eldiariodesanpedro.com.ar\/sitio\/?p=150289"},"modified":"2026-04-28T15:06:52","modified_gmt":"2026-04-28T18:06:52","slug":"operativos-territoriales-acercan-herramientas-laborales-y-productivas-a-vecinos","status":"publish","type":"post","link":"https:\/\/eldiariodesanpedro.com.ar\/sitio\/operativos-territoriales-acercan-herramientas-laborales-y-productivas-a-vecinos\/","title":{"rendered":"Operativos territoriales acercan herramientas laborales y productivas a vecinos"},"content":{"rendered":"<!-- VideographyWP Plugin Message: Automatic video embedding prevented by plugin options. -->\n\n<p><em>La iniciativa busca brindar asesoramiento directo en empleo y financiamiento sin necesidad de trasladarse a la ciudad.<\/em><\/p>\n\n\n\n<p>La <strong>Secretar\u00eda de Desarrollo Econ\u00f3mico de la Municipalidad de San Pedro<\/strong>, a trav\u00e9s de la <strong>Subsecretar\u00eda de Producci\u00f3n y la Oficina de Empleo<\/strong>, llev\u00f3 adelante una serie de operativos territoriales en las localidades de <strong>Gobernador Castro<\/strong> y <strong>R\u00edo Tala<\/strong>, con el objetivo de acercar servicios y asesoramiento a los vecinos.<\/p>\n\n\n\n<p>Durante las jornadas, se brind\u00f3 <strong>asistencia personalizada para la elaboraci\u00f3n y actualizaci\u00f3n de curr\u00edculum vitae<\/strong>, considerada una herramienta fundamental para mejorar las oportunidades de inserci\u00f3n laboral. Adem\u00e1s, el equipo t\u00e9cnico ofreci\u00f3 <strong>informaci\u00f3n sobre l\u00edneas de cr\u00e9dito vigentes destinadas a emprendedores locales<\/strong>, junto con detalles del <strong>calendario de capacitaciones programadas para los pr\u00f3ximos meses<\/strong>.<\/p>\n\n\n\n<p>Desde el \u00e1rea municipal explicaron que estas acciones apuntan a <strong>descentralizar la atenci\u00f3n y facilitar el acceso a programas de empleo y desarrollo productivo<\/strong>, evitando que los vecinos deban trasladarse hasta la cabecera del partido para realizar tr\u00e1mites o consultas.<\/p>\n\n\n\n<p>De acuerdo a lo informado por fuentes oficiales, este esquema de trabajo continuar\u00e1 en los pr\u00f3ximos d\u00edas con nuevos operativos en <strong>barrios de San Pedro y otras localidades rurales<\/strong>, con el prop\u00f3sito de <strong>fortalecer el v\u00ednculo entre el Estado local y los sectores productivos<\/strong>.<\/p>\n\n\n\n<p>#SanPedro #Empleo #DesarrolloEconomico #Produccion #Capacitacion #Emprendedores #Trabajo #GobernadorCastro #RioTala<\/p>\n","protected":false},"excerpt":{"rendered":"<p>La iniciativa busca brindar asesoramiento directo en empleo y financiamiento sin necesidad de trasladarse a la ciudad. La Secretar\u00eda de Desarrollo Econ\u00f3mico de la Municipalidad de San Pedro, a trav\u00e9s de la Subsecretar\u00eda de Producci\u00f3n y la Oficina de Empleo, llev\u00f3 adelante una serie de operativos territoriales en las localidades de Gobernador Castro y R\u00edo [&hellip;]<\/p>\n","protected":false},"author":4,"featured_media":150290,"comment_status":"closed","ping_status":"closed","sticky":false,"template":"","format":"standard","meta":{"om_disable_all_campaigns":false,"_jetpack_memberships_contains_paid_content":false,"footnotes":""},"categories":[101,2],"tags":[10467,10465,10468,10464,10469,10466,10463,10470,10471,10462],"class_list":["post-150289","post","type-post","status-publish","format-standard","has-post-thumbnail","hentry","category-interes-general-locales","category-locales","tag-capacitaciones-laborales","tag-creditos-para-emprendedores","tag-curriculum-vitae-asesoramiento","tag-desarrollo-economico-san-pedro","tag-gobernador-castro-empleo","tag-oficina-de-empleo","tag-operativos-territoriales","tag-produccion-local","tag-rio-tala-trabajo","tag-san-pedro-empleo"],"aioseo_notices":[],"gutentor_comment":0,"jetpack_featured_media_url":"https:\/\/eldiariodesanpedro.com.ar\/sitio\/wp-content\/uploads\/2026\/04\/683033884_18361998922237828_8461136526190623178_n.jpg","jetpack_shortlink":"https:\/\/wp.me\/p6RhLt-D61","jetpack_sharing_enabled":true,"_links":{"self":[{"href":"https:\/\/eldiariodesanpedro.com.ar\/sitio\/wp-json\/wp\/v2\/posts\/150289","targetHints":{"allow":["GET"]}}],"collection":[{"href":"https:\/\/eldiariodesanpedro.com.ar\/sitio\/wp-json\/wp\/v2\/posts"}],"about":[{"href":"https:\/\/eldiariodesanpedro.com.ar\/sitio\/wp-json\/wp\/v2\/types\/post"}],"author":[{"embeddable":true,"href":"https:\/\/eldiariodesanpedro.com.ar\/sitio\/wp-json\/wp\/v2\/users\/4"}],"replies":[{"embeddable":true,"href":"https:\/\/eldiariodesanpedro.com.ar\/sitio\/wp-json\/wp\/v2\/comments?post=150289"}],"version-history":[{"count":1,"href":"https:\/\/eldiariodesanpedro.com.ar\/sitio\/wp-json\/wp\/v2\/posts\/150289\/revisions"}],"predecessor-version":[{"id":150291,"href":"https:\/\/eldiariodesanpedro.com.ar\/sitio\/wp-json\/wp\/v2\/posts\/150289\/revisions\/150291"}],"wp:featuredmedia":[{"embeddable":true,"href":"https:\/\/eldiariodesanpedro.com.ar\/sitio\/wp-json\/wp\/v2\/media\/150290"}],"wp:attachment":[{"href":"https:\/\/eldiariodesanpedro.com.ar\/sitio\/wp-json\/wp\/v2\/media?parent=150289"}],"wp:term":[{"taxonomy":"category","embeddable":true,"href":"https:\/\/eldiariodesanpedro.com.ar\/sitio\/wp-json\/wp\/v2\/categories?post=150289"},{"taxonomy":"post_tag","embeddable":true,"href":"https:\/\/eldiariodesanpedro.com.ar\/sitio\/wp-json\/wp\/v2\/tags?post=150289"}],"curies":[{"name":"wp","href":"https:\/\/api.w.org\/{rel}","templated":true}]}}