{"id":150281,"date":"2026-04-28T14:28:54","date_gmt":"2026-04-28T17:28:54","guid":{"rendered":"https:\/\/eldiariodesanpedro.com.ar\/sitio\/?p=150281"},"modified":"2026-04-28T14:28:59","modified_gmt":"2026-04-28T17:28:59","slug":"una-nena-fue-operada-tras-no-detectarse-una-fractura-en-una-primera-atencion-medica","status":"publish","type":"post","link":"https:\/\/eldiariodesanpedro.com.ar\/sitio\/una-nena-fue-operada-tras-no-detectarse-una-fractura-en-una-primera-atencion-medica\/","title":{"rendered":"Una nena fue operada tras no detectarse una fractura en una primera atenci\u00f3n m\u00e9dica"},"content":{"rendered":"<!-- VideographyWP Plugin Message: Automatic video embedding prevented by plugin options. -->\n\n<p><em>La menor fue atendida inicialmente por una ca\u00edda, pero d\u00edas despu\u00e9s confirmaron una fractura de f\u00e9mur que deriv\u00f3 en cirug\u00eda e internaci\u00f3n.<\/em><\/p>\n\n\n\n<p>Una ni\u00f1a de <strong>un a\u00f1o y 10 meses<\/strong> debi\u00f3 ser <strong>intervenida quir\u00fargicamente<\/strong> luego de que se confirmara una <strong>fractura de f\u00e9mur<\/strong>, tras haber sido asistida previamente en la <strong>guardia pedi\u00e1trica de un hospital<\/strong> sin que se detectara la lesi\u00f3n en una primera evaluaci\u00f3n.<\/p>\n\n\n\n<p>Seg\u00fan el testimonio de la madre, la menor ingres\u00f3 al centro de salud el <strong>jueves pasado<\/strong> luego de sufrir una <strong>ca\u00edda desde una escalera<\/strong>. En esa oportunidad, fue atendida por una <strong>herida visible<\/strong>, aunque \u2014de acuerdo a lo manifestado\u2014 no se habr\u00edan realizado estudios completos pese a las advertencias sobre su estado general.<\/p>\n\n\n\n<p>La mujer relat\u00f3 que le indicaron regresar a su domicilio con medicaci\u00f3n para el dolor, pero con el correr de las horas la ni\u00f1a continu\u00f3 con molestias y sin mejor\u00eda. Ante esta situaci\u00f3n, decidi\u00f3 volver al hospital, donde finalmente se le practicaron nuevos estudios que permitieron detectar la fractura.<\/p>\n\n\n\n<p>A partir de ese diagn\u00f3stico, la menor fue sometida a una <strong>intervenci\u00f3n quir\u00fargica<\/strong> y posteriormente qued\u00f3 <strong>internada bajo observaci\u00f3n m\u00e9dica<\/strong>.<\/p>\n\n\n\n<p>El caso gener\u00f3 repercusi\u00f3n en redes sociales tras la publicaci\u00f3n realizada por la madre, quien tambi\u00e9n cuestion\u00f3 la atenci\u00f3n recibida durante la primera consulta.<\/p>\n\n\n\n<p>Consultadas al respecto, <strong>autoridades sanitarias<\/strong> confirmaron lo ocurrido e indicaron que se evaluar\u00e1n medidas en relaci\u00f3n al <strong>pediatra interviniente<\/strong> \u2014quien se encontraba recientemente reincorporado\u2014 y al <strong>personal de enfermer\u00eda<\/strong> involucrado en la atenci\u00f3n inicial.<\/p>\n\n\n\n<p>Desde el \u00e1mbito de la salud se\u00f1alaron que la ni\u00f1a actualmente se encuentra <strong>correctamente asistida y bajo control<\/strong>, al tiempo que reconocieron que se trat\u00f3 de una situaci\u00f3n puntual dentro de un servicio con alta demanda, sobre la cual ya se han iniciado acciones internas.<\/p>\n\n\n\n<p>#Salud #Hospital #Pediatr\u00eda #GuardiaM\u00e9dica #CasoViral #Atenci\u00f3nM\u00e9dica #Fractura #Ni\u00f1ez #SistemaDeSalu<\/p>\n","protected":false},"excerpt":{"rendered":"<p>La menor fue atendida inicialmente por una ca\u00edda, pero d\u00edas despu\u00e9s confirmaron una fractura de f\u00e9mur que deriv\u00f3 en cirug\u00eda e internaci\u00f3n. Una ni\u00f1a de un a\u00f1o y 10 meses debi\u00f3 ser intervenida quir\u00fargicamente luego de que se confirmara una fractura de f\u00e9mur, tras haber sido asistida previamente en la guardia pedi\u00e1trica de un hospital [&hellip;]<\/p>\n","protected":false},"author":4,"featured_media":150282,"comment_status":"closed","ping_status":"closed","sticky":false,"template":"","format":"standard","meta":{"om_disable_all_campaigns":false,"_jetpack_memberships_contains_paid_content":false,"footnotes":""},"categories":[50,101,2],"tags":[10460,10458,10459,10457,10456,10461],"class_list":["post-150281","post","type-post","status-publish","format-standard","has-post-thumbnail","hentry","category-destacadas","category-interes-general-locales","category-locales","tag-cirugia-infantil-hospital","tag-denuncia-mala-atencion-hospital","tag-fractura-no-detectada","tag-guardia-pediatrica-atencion-medica","tag-nena-operada-fractura-femur","tag-salud-publica-pediatria"],"aioseo_notices":[],"gutentor_comment":0,"jetpack_featured_media_url":"https:\/\/eldiariodesanpedro.com.ar\/sitio\/wp-content\/uploads\/2026\/04\/683651106_839652522527814_7683404167070396468_n.jpg","jetpack_shortlink":"https:\/\/wp.me\/p6RhLt-D5T","jetpack_sharing_enabled":true,"_links":{"self":[{"href":"https:\/\/eldiariodesanpedro.com.ar\/sitio\/wp-json\/wp\/v2\/posts\/150281","targetHints":{"allow":["GET"]}}],"collection":[{"href":"https:\/\/eldiariodesanpedro.com.ar\/sitio\/wp-json\/wp\/v2\/posts"}],"about":[{"href":"https:\/\/eldiariodesanpedro.com.ar\/sitio\/wp-json\/wp\/v2\/types\/post"}],"author":[{"embeddable":true,"href":"https:\/\/eldiariodesanpedro.com.ar\/sitio\/wp-json\/wp\/v2\/users\/4"}],"replies":[{"embeddable":true,"href":"https:\/\/eldiariodesanpedro.com.ar\/sitio\/wp-json\/wp\/v2\/comments?post=150281"}],"version-history":[{"count":1,"href":"https:\/\/eldiariodesanpedro.com.ar\/sitio\/wp-json\/wp\/v2\/posts\/150281\/revisions"}],"predecessor-version":[{"id":150283,"href":"https:\/\/eldiariodesanpedro.com.ar\/sitio\/wp-json\/wp\/v2\/posts\/150281\/revisions\/150283"}],"wp:featuredmedia":[{"embeddable":true,"href":"https:\/\/eldiariodesanpedro.com.ar\/sitio\/wp-json\/wp\/v2\/media\/150282"}],"wp:attachment":[{"href":"https:\/\/eldiariodesanpedro.com.ar\/sitio\/wp-json\/wp\/v2\/media?parent=150281"}],"wp:term":[{"taxonomy":"category","embeddable":true,"href":"https:\/\/eldiariodesanpedro.com.ar\/sitio\/wp-json\/wp\/v2\/categories?post=150281"},{"taxonomy":"post_tag","embeddable":true,"href":"https:\/\/eldiariodesanpedro.com.ar\/sitio\/wp-json\/wp\/v2\/tags?post=150281"}],"curies":[{"name":"wp","href":"https:\/\/api.w.org\/{rel}","templated":true}]}}