{"id":150279,"date":"2026-04-28T13:18:07","date_gmt":"2026-04-28T16:18:07","guid":{"rendered":"https:\/\/eldiariodesanpedro.com.ar\/sitio\/?p=150279"},"modified":"2026-04-28T13:18:11","modified_gmt":"2026-04-28T16:18:11","slug":"asamblea-general-ordinaria-del-club-nautico-san-pedro-4","status":"publish","type":"post","link":"https:\/\/eldiariodesanpedro.com.ar\/sitio\/asamblea-general-ordinaria-del-club-nautico-san-pedro-4\/","title":{"rendered":"Asamblea General Ordinaria del Club Nautico San Pedro"},"content":{"rendered":"<!-- VideographyWP Plugin Message: Automatic video embedding prevented by plugin options. -->\n\n<p class=\"has-text-align-center\"><strong>CONVOCATORIA 2026<\/strong><\/p>\n\n\n\n<p>Conforme a lo dispuesto por el Art. 32\u00ba de los Estatutos Sociales, se convoca a los se\u00f1ores y se\u00f1oras socios activos y vitalicios del CLUB NAUTICO SAN PEDRO, a la ASAMBLEA GENERAL ORDINARIA de su 119\u00ba Ejercicio, a realizarse en la Sede Social ubicada en las calles Avda. Juan de Garay y Rivadavia de la Ciudad de San Pedro, el d\u00eda JUEVES 14 de MAYO de 2026 a las 20:00 horas para tratar el siguiente:<\/p>\n\n\n\n<p class=\"has-text-align-center\"><strong>ORDEN DEL DIA<\/strong><\/p>\n\n\n\n<p>1) Designaci\u00f3n de dos (2) asociados para firmar el Acta de la Asamblea.<br>2) Consideraci\u00f3n y aprobaci\u00f3n de la Memoria, del Estado de Situaci\u00f3n Patrimonial, Estado de Recursos y Gastos, Estados Complementarios, Anexos, Notas, Informe de la Comisi\u00f3n Revisora de Cuentas y del Auditor Externo del 119\u00ba Ejercicio, comprendido entre el 1\u00ba de Abril de 2025 y el 31 de Marzo de 2026.<br>3) Fijaci\u00f3n de las cuotas sociales y de ingreso a las distintas categor\u00edas, de acuerdo con lo establecido en el Estatuto Social.<br>4) Elecci\u00f3n por dos (2) a\u00f1os, por terminaci\u00f3n de mandato de COMODORO en reemplazo de MAURICIO DANIEL GUGGER. Por terminaci\u00f3n de mandato de SECRETARIO en reemplazo de DARIO RUBEN LOPEZ. Por terminaci\u00f3n de mandato de TESORERO en reemplazo de ESTEBAN MAXIMILIANO GRECO MARTINEZ. Por renuncia y terminaci\u00f3n de mandato de VOCAL TITULAR 2\u00ba (Sub-capit\u00e1n). Por renuncia y terminaci\u00f3n de mandato de VOCAL TITULAR 3\u00ba. Por terminaci\u00f3n de mandato de VOCAL TITULAR 4\u00ba en reemplazo de TERESITA GLADYS BRAMBILLA. Elecci\u00f3n por un (1) a\u00f1o, por renuncia de VICECOMODORO, en reemplazo de OSVALDO ALEJANDRO GIRANDOLA. Elecci\u00f3n por un (1) a\u00f1o, por terminaci\u00f3n de mandato, de tres VOCALES SUPLENTES, en reemplazo de ADRIANA IDA FANELLI, JAVIER HERNAN VARELA y HERNANDO WENCESLAO. Elecci\u00f3n por un (1) a\u00f1o, por terminaci\u00f3n de mandato, de tres REVISORES DE CUENTAS en reemplazo de FRANCISCO PEREZ, SANTIAGO ROLFO y JUAN MATIAS SANTI.<br>Se deja constancia que en caso de existir m\u00e1s de una lista oficializada, el acto eleccionario se llevar\u00e1 a cabo el d\u00eda s\u00e1bado 16 de mayo de 2026 en el horario de 10 a 18 horas.<br>Las listas de candidatos deber\u00e1n ser presentadas ante la Comisi\u00f3n Directiva hasta las 24 horas del d\u00eda s\u00e1bado 09 de mayo de 2026, en la Secretar\u00eda de la Sede Social o en su defecto en la Porter\u00eda Principal.<\/p>\n\n\n\n<p>Dar\u00edo Rub\u00e9n L\u00f3pez &#8211; Secretario<br>Mauricio Daniel Gugger &#8211; Comodoro<\/p>\n\n\n\n<p>ART.35\u00ba) Las Asambleas se celebrar\u00e1n v\u00e1lidamente con la presencia de la mitad m\u00e1s uno de los Socios con derecho a voto. Una hora despu\u00e9s de la fijada, si antes no se hubiere conseguido ese n\u00famero, se reunir\u00e1 legalmente constituida con el n\u00famero de socios presentes, siempre que no fuera inferior al total de los miembros de la Comisi\u00f3n Directiva.<\/p>\n","protected":false},"excerpt":{"rendered":"<p>CONVOCATORIA 2026 Conforme a lo dispuesto por el Art. 32\u00ba de los Estatutos Sociales, se convoca a los se\u00f1ores y se\u00f1oras socios activos y vitalicios del CLUB NAUTICO SAN PEDRO, a la ASAMBLEA GENERAL ORDINARIA de su 119\u00ba Ejercicio, a realizarse en la Sede Social ubicada en las calles Avda. Juan de Garay y Rivadavia [&hellip;]<\/p>\n","protected":false},"author":4,"featured_media":118855,"comment_status":"closed","ping_status":"closed","sticky":false,"template":"","format":"standard","meta":{"om_disable_all_campaigns":false,"_jetpack_memberships_contains_paid_content":false,"footnotes":""},"categories":[678,676],"tags":[1729],"class_list":["post-150279","post","type-post","status-publish","format-standard","has-post-thumbnail","hentry","category-convocatorias","category-edictos","tag-convocatoria"],"aioseo_notices":[],"gutentor_comment":0,"jetpack_featured_media_url":"https:\/\/eldiariodesanpedro.com.ar\/sitio\/wp-content\/uploads\/2023\/06\/Club-nautico-San-Pedro-Junio-2023.jpg","jetpack_shortlink":"https:\/\/wp.me\/p6RhLt-D5R","jetpack_sharing_enabled":true,"_links":{"self":[{"href":"https:\/\/eldiariodesanpedro.com.ar\/sitio\/wp-json\/wp\/v2\/posts\/150279","targetHints":{"allow":["GET"]}}],"collection":[{"href":"https:\/\/eldiariodesanpedro.com.ar\/sitio\/wp-json\/wp\/v2\/posts"}],"about":[{"href":"https:\/\/eldiariodesanpedro.com.ar\/sitio\/wp-json\/wp\/v2\/types\/post"}],"author":[{"embeddable":true,"href":"https:\/\/eldiariodesanpedro.com.ar\/sitio\/wp-json\/wp\/v2\/users\/4"}],"replies":[{"embeddable":true,"href":"https:\/\/eldiariodesanpedro.com.ar\/sitio\/wp-json\/wp\/v2\/comments?post=150279"}],"version-history":[{"count":1,"href":"https:\/\/eldiariodesanpedro.com.ar\/sitio\/wp-json\/wp\/v2\/posts\/150279\/revisions"}],"predecessor-version":[{"id":150280,"href":"https:\/\/eldiariodesanpedro.com.ar\/sitio\/wp-json\/wp\/v2\/posts\/150279\/revisions\/150280"}],"wp:featuredmedia":[{"embeddable":true,"href":"https:\/\/eldiariodesanpedro.com.ar\/sitio\/wp-json\/wp\/v2\/media\/118855"}],"wp:attachment":[{"href":"https:\/\/eldiariodesanpedro.com.ar\/sitio\/wp-json\/wp\/v2\/media?parent=150279"}],"wp:term":[{"taxonomy":"category","embeddable":true,"href":"https:\/\/eldiariodesanpedro.com.ar\/sitio\/wp-json\/wp\/v2\/categories?post=150279"},{"taxonomy":"post_tag","embeddable":true,"href":"https:\/\/eldiariodesanpedro.com.ar\/sitio\/wp-json\/wp\/v2\/tags?post=150279"}],"curies":[{"name":"wp","href":"https:\/\/api.w.org\/{rel}","templated":true}]}}