{"id":150276,"date":"2026-04-28T11:48:10","date_gmt":"2026-04-28T14:48:10","guid":{"rendered":"https:\/\/eldiariodesanpedro.com.ar\/sitio\/?p=150276"},"modified":"2026-04-28T11:48:35","modified_gmt":"2026-04-28T14:48:35","slug":"avanzan-gestiones-para-abrir-policonsultorios-de-upcn-con-cobertura-sin-copagos","status":"publish","type":"post","link":"https:\/\/eldiariodesanpedro.com.ar\/sitio\/avanzan-gestiones-para-abrir-policonsultorios-de-upcn-con-cobertura-sin-copagos\/","title":{"rendered":"Avanzan gestiones para abrir policonsultorios de UPCN con cobertura sin copagos"},"content":{"rendered":"<!-- VideographyWP Plugin Message: Automatic video embedding prevented by plugin options. -->\n\n<p><em>El proyecto incluye un convenio con IOMA que permitir\u00eda acceder a atenci\u00f3n m\u00e9dica sin costos adicionales para afiliados.<\/em><\/p>\n\n\n\n<p>La delegaci\u00f3n local de la Uni\u00f3n Personal Civil de la Naci\u00f3n (UPCN) confirm\u00f3 que se encuentran en una etapa avanzada las gestiones para la instalaci\u00f3n de policonsultorios de su obra social, Uni\u00f3n Personal, en la ciudad.<\/p>\n\n\n\n<p>La iniciativa contempla adem\u00e1s un acuerdo con IOMA, lo que permitir\u00eda que <strong>una amplia cantidad de trabajadores estatales acceda a prestaciones m\u00e9dicas sin abonar copagos<\/strong> ni cargos adicionales al momento de la atenci\u00f3n.<\/p>\n\n\n\n<p>El secretario general de UPCN a nivel local, Walter Belesi, explic\u00f3 que este modelo ya se encuentra en funcionamiento en distritos cercanos como Z\u00e1rate y San Nicol\u00e1s, con resultados positivos. Seg\u00fan indic\u00f3, el objetivo central es <strong>reducir el impacto econ\u00f3mico que generan los cobros extras en el sistema de salud privado<\/strong>.<\/p>\n\n\n\n<p>Durante una entrevista radial, el dirigente detall\u00f3 que <strong>los policonsultorios funcionar\u00edan bajo un esquema conjunto entre UPCN e IOMA, garantizando atenci\u00f3n sin costo adicional para los afiliados<\/strong>. En ese sentido, destac\u00f3 que la propuesta apunta a brindar una alternativa concreta frente a una de las principales problem\u00e1ticas actuales: los copagos en consultas m\u00e9dicas.<\/p>\n\n\n\n<p>Asimismo, remarc\u00f3 que la implementaci\u00f3n de estos centros permitir\u00eda <strong>eliminar los cobros irregulares o adicionales<\/strong>, asegurando la cobertura total de las prestaciones incluidas en los convenios vigentes.<\/p>\n\n\n\n<p>Con las negociaciones en marcha, se espera que en el corto plazo se definan <strong>la ubicaci\u00f3n de los policonsultorios y las especialidades m\u00e9dicas que estar\u00e1n disponibles<\/strong>, lo que marcar\u00eda un avance significativo en el acceso a la salud para trabajadores estatales y sus familias.<\/p>\n\n\n\n<p>#UPCN #IOMA #Salud #Policonsultorios #ObraSocial #SanPedro #TrabajadoresEstatales #SaludPublica #CoberturaMedica<\/p>\n","protected":false},"excerpt":{"rendered":"<p>El proyecto incluye un convenio con IOMA que permitir\u00eda acceder a atenci\u00f3n m\u00e9dica sin costos adicionales para afiliados. La delegaci\u00f3n local de la Uni\u00f3n Personal Civil de la Naci\u00f3n (UPCN) confirm\u00f3 que se encuentran en una etapa avanzada las gestiones para la instalaci\u00f3n de policonsultorios de su obra social, Uni\u00f3n Personal, en la ciudad. La [&hellip;]<\/p>\n","protected":false},"author":4,"featured_media":150277,"comment_status":"closed","ping_status":"closed","sticky":false,"template":"","format":"standard","meta":{"om_disable_all_campaigns":false,"_jetpack_memberships_contains_paid_content":false,"footnotes":""},"categories":[50,101,2],"tags":[10453,10448,10451,10449,10450,10454,10452,7602],"class_list":["post-150276","post","type-post","status-publish","format-standard","has-post-thumbnail","hentry","category-destacadas","category-interes-general-locales","category-locales","tag-cobertura-medica-argentina","tag-ioma-convenio","tag-obra-social-union-personal","tag-policonsultorios-upcn","tag-salud-sin-copagos","tag-sistema-de-salud-san-pedro","tag-trabajadores-estatales-salud","tag-upcn-san-pedro"],"aioseo_notices":[],"gutentor_comment":0,"jetpack_featured_media_url":"https:\/\/eldiariodesanpedro.com.ar\/sitio\/wp-content\/uploads\/2026\/04\/UPCN.jpg","jetpack_shortlink":"https:\/\/wp.me\/p6RhLt-D5O","jetpack_sharing_enabled":true,"_links":{"self":[{"href":"https:\/\/eldiariodesanpedro.com.ar\/sitio\/wp-json\/wp\/v2\/posts\/150276","targetHints":{"allow":["GET"]}}],"collection":[{"href":"https:\/\/eldiariodesanpedro.com.ar\/sitio\/wp-json\/wp\/v2\/posts"}],"about":[{"href":"https:\/\/eldiariodesanpedro.com.ar\/sitio\/wp-json\/wp\/v2\/types\/post"}],"author":[{"embeddable":true,"href":"https:\/\/eldiariodesanpedro.com.ar\/sitio\/wp-json\/wp\/v2\/users\/4"}],"replies":[{"embeddable":true,"href":"https:\/\/eldiariodesanpedro.com.ar\/sitio\/wp-json\/wp\/v2\/comments?post=150276"}],"version-history":[{"count":1,"href":"https:\/\/eldiariodesanpedro.com.ar\/sitio\/wp-json\/wp\/v2\/posts\/150276\/revisions"}],"predecessor-version":[{"id":150278,"href":"https:\/\/eldiariodesanpedro.com.ar\/sitio\/wp-json\/wp\/v2\/posts\/150276\/revisions\/150278"}],"wp:featuredmedia":[{"embeddable":true,"href":"https:\/\/eldiariodesanpedro.com.ar\/sitio\/wp-json\/wp\/v2\/media\/150277"}],"wp:attachment":[{"href":"https:\/\/eldiariodesanpedro.com.ar\/sitio\/wp-json\/wp\/v2\/media?parent=150276"}],"wp:term":[{"taxonomy":"category","embeddable":true,"href":"https:\/\/eldiariodesanpedro.com.ar\/sitio\/wp-json\/wp\/v2\/categories?post=150276"},{"taxonomy":"post_tag","embeddable":true,"href":"https:\/\/eldiariodesanpedro.com.ar\/sitio\/wp-json\/wp\/v2\/tags?post=150276"}],"curies":[{"name":"wp","href":"https:\/\/api.w.org\/{rel}","templated":true}]}}