{"id":150272,"date":"2026-04-28T11:00:30","date_gmt":"2026-04-28T14:00:30","guid":{"rendered":"https:\/\/eldiariodesanpedro.com.ar\/sitio\/?p=150272"},"modified":"2026-04-28T11:00:35","modified_gmt":"2026-04-28T14:00:35","slug":"detienen-a-un-hombre-de-44-anos-acusado-de-abuso-sexual","status":"publish","type":"post","link":"https:\/\/eldiariodesanpedro.com.ar\/sitio\/detienen-a-un-hombre-de-44-anos-acusado-de-abuso-sexual\/","title":{"rendered":"Detienen a un hombre de 44 a\u00f1os acusado de abuso sexual"},"content":{"rendered":"<!-- VideographyWP Plugin Message: Automatic video embedding prevented by plugin options. -->\n\n<p><em>El procedimiento se realiz\u00f3 durante la tarde de ayer cmediante un allanamiento ordenado por la Justicia. El acusado qued\u00f3 alojado en la comisar\u00eda local.<\/em><\/p>\n\n\n\n<p>Alrededor de las <strong>18:00 de este martes<\/strong>, personal de la <strong>Estaci\u00f3n de Polic\u00eda Comunal<\/strong>, en conjunto con efectivos de la <strong>Sub DDI<\/strong> y de la <strong>Comisar\u00eda de la Mujer y la Familia<\/strong>, llev\u00f3 adelante un operativo en la zona de <strong>Combate de Obligado y Casella<\/strong>, donde se concret\u00f3 la <strong>detenci\u00f3n de un hombre de 44 a\u00f1os<\/strong>.<\/p>\n\n\n\n<p>La medida fue dispuesta en el marco de una <strong>investigaci\u00f3n penal preparatoria (IPP) por abuso sexual<\/strong>, con intervenci\u00f3n de la <strong>UFI N\u00b0 7<\/strong>. Durante el procedimiento se ejecut\u00f3 una <strong>orden de allanamiento y detenci\u00f3n<\/strong>, logrando dar con el imputado.<\/p>\n\n\n\n<p>Tras cumplirse las diligencias judiciales correspondientes, el sujeto fue <strong>trasladado y alojado en el sector de calabozos de la Comisar\u00eda local<\/strong>, donde permanecer\u00e1 a disposici\u00f3n de la Justicia.<\/p>\n\n\n\n<p>Seg\u00fan se inform\u00f3, el detenido ser\u00e1 <strong>trasladado en las pr\u00f3ximas horas a sede fiscal para prestar declaraci\u00f3n indagatoria<\/strong>, en el marco de la causa que se investiga.<\/p>\n\n\n\n<p>#abusoSexual #detenido #allanamiento #policiales #justicia #UFI7 #investigacion #seguridad<\/p>\n\n\n<div class=\"wp-block-image\">\n<figure class=\"aligncenter size-full\"><img decoding=\"async\" width=\"473\" height=\"630\" data-attachment-id=\"150274\" data-permalink=\"https:\/\/eldiariodesanpedro.com.ar\/sitio\/detienen-a-un-hombre-de-44-anos-acusado-de-abuso-sexual\/whatsapp-image-2026-04-27-at-19-10-52\/\" data-orig-file=\"https:\/\/eldiariodesanpedro.com.ar\/sitio\/wp-content\/uploads\/2026\/04\/WhatsApp-Image-2026-04-27-at-19.10.52.jpeg\" data-orig-size=\"473,630\" data-comments-opened=\"0\" data-image-meta=\"{&quot;aperture&quot;:&quot;0&quot;,&quot;credit&quot;:&quot;&quot;,&quot;camera&quot;:&quot;&quot;,&quot;caption&quot;:&quot;&quot;,&quot;created_timestamp&quot;:&quot;0&quot;,&quot;copyright&quot;:&quot;&quot;,&quot;focal_length&quot;:&quot;0&quot;,&quot;iso&quot;:&quot;0&quot;,&quot;shutter_speed&quot;:&quot;0&quot;,&quot;title&quot;:&quot;&quot;,&quot;orientation&quot;:&quot;0&quot;}\" data-image-title=\"WhatsApp Image 2026-04-27 at 19.10.52\" data-image-description=\"\" data-image-caption=\"\" data-large-file=\"https:\/\/eldiariodesanpedro.com.ar\/sitio\/wp-content\/uploads\/2026\/04\/WhatsApp-Image-2026-04-27-at-19.10.52.jpeg\" data-src=\"https:\/\/eldiariodesanpedro.com.ar\/sitio\/wp-content\/uploads\/2026\/04\/WhatsApp-Image-2026-04-27-at-19.10.52.jpeg\" alt=\"\" class=\"wp-image-150274 lazyload\" data-srcset=\"https:\/\/eldiariodesanpedro.com.ar\/sitio\/wp-content\/uploads\/2026\/04\/WhatsApp-Image-2026-04-27-at-19.10.52.jpeg 473w, https:\/\/eldiariodesanpedro.com.ar\/sitio\/wp-content\/uploads\/2026\/04\/WhatsApp-Image-2026-04-27-at-19.10.52-225x300.jpeg 225w\" data-sizes=\"(max-width: 473px) 100vw, 473px\" src=\"data:image\/svg+xml;base64,PHN2ZyB3aWR0aD0iMSIgaGVpZ2h0PSIxIiB4bWxucz0iaHR0cDovL3d3dy53My5vcmcvMjAwMC9zdmciPjwvc3ZnPg==\" style=\"--smush-placeholder-width: 473px; --smush-placeholder-aspect-ratio: 473\/630;\" \/><\/figure>\n<\/div>","protected":false},"excerpt":{"rendered":"<p>El procedimiento se realiz\u00f3 durante la tarde de ayer cmediante un allanamiento ordenado por la Justicia. El acusado qued\u00f3 alojado en la comisar\u00eda local. Alrededor de las 18:00 de este martes, personal de la Estaci\u00f3n de Polic\u00eda Comunal, en conjunto con efectivos de la Sub DDI y de la Comisar\u00eda de la Mujer y la [&hellip;]<\/p>\n","protected":false},"author":4,"featured_media":150273,"comment_status":"closed","ping_status":"closed","sticky":false,"template":"","format":"standard","meta":{"om_disable_all_campaigns":false,"_jetpack_memberships_contains_paid_content":false,"footnotes":""},"categories":[50,2,103],"tags":[5191,6690,6354,5422,10447,10130,10361],"class_list":["post-150272","post","type-post","status-publish","format-standard","has-post-thumbnail","hentry","category-destacadas","category-locales","category-policiales-locales","tag-allanamiento-policial","tag-comisaria-san-pedro","tag-detencion-abuso-sexual","tag-hombre-detenido","tag-policia-local-procedimiento","tag-sub-ddi-operativo","tag-ufi-7-investigacion"],"aioseo_notices":[],"gutentor_comment":0,"jetpack_featured_media_url":"https:\/\/eldiariodesanpedro.com.ar\/sitio\/wp-content\/uploads\/2026\/04\/abuso-sexual.jpg","jetpack_shortlink":"https:\/\/wp.me\/p6RhLt-D5K","jetpack_sharing_enabled":true,"_links":{"self":[{"href":"https:\/\/eldiariodesanpedro.com.ar\/sitio\/wp-json\/wp\/v2\/posts\/150272","targetHints":{"allow":["GET"]}}],"collection":[{"href":"https:\/\/eldiariodesanpedro.com.ar\/sitio\/wp-json\/wp\/v2\/posts"}],"about":[{"href":"https:\/\/eldiariodesanpedro.com.ar\/sitio\/wp-json\/wp\/v2\/types\/post"}],"author":[{"embeddable":true,"href":"https:\/\/eldiariodesanpedro.com.ar\/sitio\/wp-json\/wp\/v2\/users\/4"}],"replies":[{"embeddable":true,"href":"https:\/\/eldiariodesanpedro.com.ar\/sitio\/wp-json\/wp\/v2\/comments?post=150272"}],"version-history":[{"count":1,"href":"https:\/\/eldiariodesanpedro.com.ar\/sitio\/wp-json\/wp\/v2\/posts\/150272\/revisions"}],"predecessor-version":[{"id":150275,"href":"https:\/\/eldiariodesanpedro.com.ar\/sitio\/wp-json\/wp\/v2\/posts\/150272\/revisions\/150275"}],"wp:featuredmedia":[{"embeddable":true,"href":"https:\/\/eldiariodesanpedro.com.ar\/sitio\/wp-json\/wp\/v2\/media\/150273"}],"wp:attachment":[{"href":"https:\/\/eldiariodesanpedro.com.ar\/sitio\/wp-json\/wp\/v2\/media?parent=150272"}],"wp:term":[{"taxonomy":"category","embeddable":true,"href":"https:\/\/eldiariodesanpedro.com.ar\/sitio\/wp-json\/wp\/v2\/categories?post=150272"},{"taxonomy":"post_tag","embeddable":true,"href":"https:\/\/eldiariodesanpedro.com.ar\/sitio\/wp-json\/wp\/v2\/tags?post=150272"}],"curies":[{"name":"wp","href":"https:\/\/api.w.org\/{rel}","templated":true}]}}