{"id":150268,"date":"2026-04-28T10:44:09","date_gmt":"2026-04-28T13:44:09","guid":{"rendered":"https:\/\/eldiariodesanpedro.com.ar\/sitio\/?p=150268"},"modified":"2026-04-28T10:57:14","modified_gmt":"2026-04-28T13:57:14","slug":"murio-en-san-pedro-el-hombre-que-habia-sufrido-un-grave-accidente-en-villa-ramallo","status":"publish","type":"post","link":"https:\/\/eldiariodesanpedro.com.ar\/sitio\/murio-en-san-pedro-el-hombre-que-habia-sufrido-un-grave-accidente-en-villa-ramallo\/","title":{"rendered":"Muri\u00f3 en San Pedro el hombre que hab\u00eda sufrido un grave accidente en Villa Ramallo"},"content":{"rendered":"<!-- VideographyWP Plugin Message: Automatic video embedding prevented by plugin options. -->\n\n<p><a href=\"https:\/\/canalwebsanpedro.com.ar\/murio-en-san-pedro-el-hombre-que-habia-sufrido-un-grave-accidente-en-villa-ramallo\/\"><\/a>Un hombre de 74 a\u00f1os falleci\u00f3 tras permanecer internado en estado cr\u00edtico luego de un accidente entre motos ocurrido d\u00edas atr\u00e1s.<\/p>\n\n\n\n<p>Se confirm\u00f3 el fallecimiento de un <strong>hombre de 74 a\u00f1os<\/strong> que hab\u00eda resultado con <strong>lesiones de extrema gravedad<\/strong> tras un siniestro vial registrado el <strong>24 de abril en Villa Ramallo<\/strong>. El hecho se produjo en la intersecci\u00f3n de <strong>avenida Dr. Bonfiglio y calle Dr. Ginocchio<\/strong>, donde, por causas que a\u00fan se encuentran bajo investigaci\u00f3n, colisionaron una <strong>Honda XRE 300 Rally<\/strong> y una <strong>Guerrero Trip 110 cc<\/strong>.<\/p>\n\n\n\n<p>Seg\u00fan la informaci\u00f3n oficial, la motocicleta de menor cilindrada era conducida por un <strong>adolescente de 16 a\u00f1os<\/strong>. A ra\u00edz del impacto, el hombre sufri\u00f3 heridas de consideraci\u00f3n que lo dejaron en <strong>riesgo de vida<\/strong>, por lo que fue trasladado de urgencia a un centro de salud.<\/p>\n\n\n\n<p>Posteriormente, la v\u00edctima fue derivada al <strong>Hospital SADIV<\/strong>, donde permaneci\u00f3 internada en <strong>estado cr\u00edtico<\/strong> hasta que, en las \u00faltimas horas, se produjo su fallecimiento pese a los esfuerzos m\u00e9dicos.<\/p>\n\n\n\n<p>La causa, inicialmente caratulada como <strong>\u201clesiones culposas\u201d<\/strong>, contin\u00faa en etapa investigativa para determinar con precisi\u00f3n c\u00f3mo se produjo el accidente y las responsabilidades correspondientes.<\/p>\n","protected":false},"excerpt":{"rendered":"<p>Un hombre de 74 a\u00f1os falleci\u00f3 tras permanecer internado en estado cr\u00edtico luego de un accidente entre motos ocurrido d\u00edas atr\u00e1s. Se confirm\u00f3 el fallecimiento de un hombre de 74 a\u00f1os que hab\u00eda resultado con lesiones de extrema gravedad tras un siniestro vial registrado el 24 de abril en Villa Ramallo. El hecho se produjo [&hellip;]<\/p>\n","protected":false},"author":4,"featured_media":150269,"comment_status":"closed","ping_status":"closed","sticky":false,"template":"","format":"standard","meta":{"om_disable_all_campaigns":false,"_jetpack_memberships_contains_paid_content":false,"footnotes":""},"categories":[50,101,2],"tags":[10442,10445,10446,10440,10439,10443,10444,10441],"class_list":["post-150268","post","type-post","status-publish","format-standard","has-post-thumbnail","hentry","category-destacadas","category-interes-general-locales","category-locales","tag-accidente-de-motos","tag-adolescente-16-anos-moto","tag-avenida-bonfiglio-ginocchio","tag-choque-villa-ramallo","tag-hombre-fallecido-74-anos","tag-hospital-sadiv-internado","tag-lesiones-culposas-investigacion","tag-siniestro-vial-motocicletas"],"aioseo_notices":[],"gutentor_comment":0,"jetpack_featured_media_url":"https:\/\/eldiariodesanpedro.com.ar\/sitio\/wp-content\/uploads\/2026\/04\/680687904_1455235949955808_7456203514064210929_n-800x445-1.jpg","jetpack_shortlink":"https:\/\/wp.me\/p6RhLt-D5G","jetpack_sharing_enabled":true,"_links":{"self":[{"href":"https:\/\/eldiariodesanpedro.com.ar\/sitio\/wp-json\/wp\/v2\/posts\/150268","targetHints":{"allow":["GET"]}}],"collection":[{"href":"https:\/\/eldiariodesanpedro.com.ar\/sitio\/wp-json\/wp\/v2\/posts"}],"about":[{"href":"https:\/\/eldiariodesanpedro.com.ar\/sitio\/wp-json\/wp\/v2\/types\/post"}],"author":[{"embeddable":true,"href":"https:\/\/eldiariodesanpedro.com.ar\/sitio\/wp-json\/wp\/v2\/users\/4"}],"replies":[{"embeddable":true,"href":"https:\/\/eldiariodesanpedro.com.ar\/sitio\/wp-json\/wp\/v2\/comments?post=150268"}],"version-history":[{"count":1,"href":"https:\/\/eldiariodesanpedro.com.ar\/sitio\/wp-json\/wp\/v2\/posts\/150268\/revisions"}],"predecessor-version":[{"id":150270,"href":"https:\/\/eldiariodesanpedro.com.ar\/sitio\/wp-json\/wp\/v2\/posts\/150268\/revisions\/150270"}],"wp:featuredmedia":[{"embeddable":true,"href":"https:\/\/eldiariodesanpedro.com.ar\/sitio\/wp-json\/wp\/v2\/media\/150269"}],"wp:attachment":[{"href":"https:\/\/eldiariodesanpedro.com.ar\/sitio\/wp-json\/wp\/v2\/media?parent=150268"}],"wp:term":[{"taxonomy":"category","embeddable":true,"href":"https:\/\/eldiariodesanpedro.com.ar\/sitio\/wp-json\/wp\/v2\/categories?post=150268"},{"taxonomy":"post_tag","embeddable":true,"href":"https:\/\/eldiariodesanpedro.com.ar\/sitio\/wp-json\/wp\/v2\/tags?post=150268"}],"curies":[{"name":"wp","href":"https:\/\/api.w.org\/{rel}","templated":true}]}}