{"id":150266,"date":"2026-04-28T10:28:20","date_gmt":"2026-04-28T13:28:20","guid":{"rendered":"https:\/\/eldiariodesanpedro.com.ar\/sitio\/?p=150266"},"modified":"2026-04-28T10:28:31","modified_gmt":"2026-04-28T13:28:31","slug":"embargan-bienes-a-tesorera-del-banco-nacion-imputada-por-presunto-desvio-millonario","status":"publish","type":"post","link":"https:\/\/eldiariodesanpedro.com.ar\/sitio\/embargan-bienes-a-tesorera-del-banco-nacion-imputada-por-presunto-desvio-millonario\/","title":{"rendered":"Embargan bienes a tesorera del Banco Naci\u00f3n imputada por presunto desv\u00edo millonario"},"content":{"rendered":"<!-- VideographyWP Plugin Message: Automatic video embedding prevented by plugin options. -->\n\n<p><em>La Justicia Federal orden\u00f3 el embargo de una vivienda y la inhibici\u00f3n de bienes a una funcionaria acusada de desviar unos 40 millones de pesos.<\/em><\/p>\n\n\n\n<p>La <strong>Justicia Federal con asiento en San Nicol\u00e1s<\/strong> dispuso medidas cautelares sobre el patrimonio de una <strong>tesorera de 36 a\u00f1os de la sucursal San Pedro del Banco Naci\u00f3n<\/strong>, en el marco de una causa por presunto desv\u00edo de fondos p\u00fablicos.<\/p>\n\n\n\n<p>El juez <strong>Carlos Villafuerte Ruzo<\/strong> resolvi\u00f3 el <strong>embargo de su vivienda<\/strong> y la <strong>inhibici\u00f3n general de bienes<\/strong>, luego de que la mujer fuera <strong>imputada por el delito de peculado<\/strong>, figura penal que prev\u00e9 <strong>penas de hasta 10 a\u00f1os de prisi\u00f3n e inhabilitaci\u00f3n perpetua<\/strong> para ejercer cargos p\u00fablicos.<\/p>\n\n\n\n<p>De acuerdo con la investigaci\u00f3n impulsada por la <strong>Fiscal\u00eda Descentralizada<\/strong>, la funcionaria, encargada del <strong>manejo del tesoro y el \u00e1rea de cajas<\/strong>, habr\u00eda <strong>desviado aproximadamente 40 millones de pesos<\/strong> vali\u00e9ndose de su acceso directo a los fondos.<\/p>\n\n\n\n<p>Las maniobras bajo an\u00e1lisis incluir\u00edan <strong>registros contables sin respaldo<\/strong>, presuntamente utilizados para ocultar el faltante. Parte de estas operatorias habr\u00eda quedado documentada en <strong>c\u00e1maras de seguridad de la entidad bancaria<\/strong>, elemento que se incorpora como una de las principales pruebas en la causa.<\/p>\n\n\n\n<p>La investigaci\u00f3n contin\u00faa en etapa de recolecci\u00f3n de evidencias y an\u00e1lisis de la operatoria financiera vinculada a la imputada.<\/p>\n\n\n\n<p>#JusticiaFederal #BancoNacion #Peculado #Embargo #InvestigacionJudicial #SanNicolas #FondosPublicos #Policiales<\/p>\n","protected":false},"excerpt":{"rendered":"<p>La Justicia Federal orden\u00f3 el embargo de una vivienda y la inhibici\u00f3n de bienes a una funcionaria acusada de desviar unos 40 millones de pesos. La Justicia Federal con asiento en San Nicol\u00e1s dispuso medidas cautelares sobre el patrimonio de una tesorera de 36 a\u00f1os de la sucursal San Pedro del Banco Naci\u00f3n, en el [&hellip;]<\/p>\n","protected":false},"author":4,"featured_media":148994,"comment_status":"closed","ping_status":"closed","sticky":false,"template":"","format":"standard","meta":{"om_disable_all_campaigns":false,"_jetpack_memberships_contains_paid_content":false,"footnotes":""},"categories":[50,101,2],"tags":[10436,10438,10434,10433,10437,10435,10432,10431],"class_list":["post-150266","post","type-post","status-publish","format-standard","has-post-thumbnail","hentry","category-destacadas","category-interes-general-locales","category-locales","tag-causa-banco-nacion-san-pedro","tag-delito-peculado-penas","tag-desvio-de-fondos-publicos","tag-embargo-bienes-funcionaria","tag-investigacion-financiera","tag-justicia-federal-san-nicolas","tag-peculado-argentina","tag-tesorera-banco-nacion-imputada"],"aioseo_notices":[],"gutentor_comment":0,"jetpack_featured_media_url":"https:\/\/eldiariodesanpedro.com.ar\/sitio\/wp-content\/uploads\/2026\/03\/Banco-Nacion-San-Pedro-.jpg","jetpack_shortlink":"https:\/\/wp.me\/p6RhLt-D5E","jetpack_sharing_enabled":true,"_links":{"self":[{"href":"https:\/\/eldiariodesanpedro.com.ar\/sitio\/wp-json\/wp\/v2\/posts\/150266","targetHints":{"allow":["GET"]}}],"collection":[{"href":"https:\/\/eldiariodesanpedro.com.ar\/sitio\/wp-json\/wp\/v2\/posts"}],"about":[{"href":"https:\/\/eldiariodesanpedro.com.ar\/sitio\/wp-json\/wp\/v2\/types\/post"}],"author":[{"embeddable":true,"href":"https:\/\/eldiariodesanpedro.com.ar\/sitio\/wp-json\/wp\/v2\/users\/4"}],"replies":[{"embeddable":true,"href":"https:\/\/eldiariodesanpedro.com.ar\/sitio\/wp-json\/wp\/v2\/comments?post=150266"}],"version-history":[{"count":1,"href":"https:\/\/eldiariodesanpedro.com.ar\/sitio\/wp-json\/wp\/v2\/posts\/150266\/revisions"}],"predecessor-version":[{"id":150267,"href":"https:\/\/eldiariodesanpedro.com.ar\/sitio\/wp-json\/wp\/v2\/posts\/150266\/revisions\/150267"}],"wp:featuredmedia":[{"embeddable":true,"href":"https:\/\/eldiariodesanpedro.com.ar\/sitio\/wp-json\/wp\/v2\/media\/148994"}],"wp:attachment":[{"href":"https:\/\/eldiariodesanpedro.com.ar\/sitio\/wp-json\/wp\/v2\/media?parent=150266"}],"wp:term":[{"taxonomy":"category","embeddable":true,"href":"https:\/\/eldiariodesanpedro.com.ar\/sitio\/wp-json\/wp\/v2\/categories?post=150266"},{"taxonomy":"post_tag","embeddable":true,"href":"https:\/\/eldiariodesanpedro.com.ar\/sitio\/wp-json\/wp\/v2\/tags?post=150266"}],"curies":[{"name":"wp","href":"https:\/\/api.w.org\/{rel}","templated":true}]}}