{"id":150261,"date":"2026-04-28T09:54:17","date_gmt":"2026-04-28T12:54:17","guid":{"rendered":"https:\/\/eldiariodesanpedro.com.ar\/sitio\/?p=150261"},"modified":"2026-04-28T09:58:56","modified_gmt":"2026-04-28T12:58:56","slug":"fallecio-rita-del-lourdes-sgrinzi-57-anos","status":"publish","type":"post","link":"https:\/\/eldiariodesanpedro.com.ar\/sitio\/fallecio-rita-del-lourdes-sgrinzi-57-anos\/","title":{"rendered":"Falleci\u00f3 Rita del Lourdes Sgrinzi, 60 a\u00f1os"},"content":{"rendered":"<!-- VideographyWP Plugin Message: Automatic video embedding prevented by plugin options. -->\n\n<p>El servicio velatorio se realiza en Coopsser Servicios Sociales y se extender\u00e1 hasta las 10:00 de este martes 28 de abril.<\/p>\n\n\n\n<p>Se inform\u00f3 el fallecimiento de <strong>Rita del Lourdes Sgrinzi<\/strong>, quien ten\u00eda <strong>57 a\u00f1os<\/strong>. Sus restos son velados en la <strong>Sala N\u00b0 3 de Coopsser Servicios Sociales<\/strong>, ubicada en <strong>3 de Febrero 1475<\/strong>.<\/p>\n\n\n\n<p>El servicio de despedida se llevar\u00e1 a cabo hasta las <strong>10:00 horas del martes 28 de abril de 2026<\/strong>, momento en que finalizar\u00e1 el velatorio.<\/p>\n\n\n\n<p>Familiares, amigos y allegados acompa\u00f1an este momento de profundo dolor.<\/p>\n\n\n\n<p>#Necrol\u00f3gicas #Fallecimiento #Coopser #ServiciosSociales #Obituario #Despedida #SanPedro<\/p>\n","protected":false},"excerpt":{"rendered":"<p>El servicio velatorio se realiza en Coopsser Servicios Sociales y se extender\u00e1 hasta las 10:00 de este martes 28 de abril. Se inform\u00f3 el fallecimiento de Rita del Lourdes Sgrinzi, quien ten\u00eda 57 a\u00f1os. Sus restos son velados en la Sala N\u00b0 3 de Coopsser Servicios Sociales, ubicada en 3 de Febrero 1475. El servicio [&hellip;]<\/p>\n","protected":false},"author":4,"featured_media":113757,"comment_status":"closed","ping_status":"closed","sticky":false,"template":"","format":"standard","meta":{"om_disable_all_campaigns":false,"_jetpack_memberships_contains_paid_content":false,"footnotes":""},"categories":[8424],"tags":[8315,5113,1667,7895,10143,10429,6885,5111],"class_list":["post-150261","post","type-post","status-publish","format-standard","has-post-thumbnail","hentry","category-necrologicas","tag-3-de-febrero-1475","tag-coopser-servicios-sociales","tag-fallecimiento","tag-necrologica","tag-obituario-2026","tag-rita-del-lourdes-sgrinzi","tag-sala-velatoria","tag-velatorio-san-pedro"],"aioseo_notices":[],"gutentor_comment":0,"jetpack_featured_media_url":"https:\/\/eldiariodesanpedro.com.ar\/sitio\/wp-content\/uploads\/2023\/01\/necrologicas.jpg","jetpack_shortlink":"https:\/\/wp.me\/p6RhLt-D5z","jetpack_sharing_enabled":true,"_links":{"self":[{"href":"https:\/\/eldiariodesanpedro.com.ar\/sitio\/wp-json\/wp\/v2\/posts\/150261","targetHints":{"allow":["GET"]}}],"collection":[{"href":"https:\/\/eldiariodesanpedro.com.ar\/sitio\/wp-json\/wp\/v2\/posts"}],"about":[{"href":"https:\/\/eldiariodesanpedro.com.ar\/sitio\/wp-json\/wp\/v2\/types\/post"}],"author":[{"embeddable":true,"href":"https:\/\/eldiariodesanpedro.com.ar\/sitio\/wp-json\/wp\/v2\/users\/4"}],"replies":[{"embeddable":true,"href":"https:\/\/eldiariodesanpedro.com.ar\/sitio\/wp-json\/wp\/v2\/comments?post=150261"}],"version-history":[{"count":2,"href":"https:\/\/eldiariodesanpedro.com.ar\/sitio\/wp-json\/wp\/v2\/posts\/150261\/revisions"}],"predecessor-version":[{"id":150264,"href":"https:\/\/eldiariodesanpedro.com.ar\/sitio\/wp-json\/wp\/v2\/posts\/150261\/revisions\/150264"}],"wp:featuredmedia":[{"embeddable":true,"href":"https:\/\/eldiariodesanpedro.com.ar\/sitio\/wp-json\/wp\/v2\/media\/113757"}],"wp:attachment":[{"href":"https:\/\/eldiariodesanpedro.com.ar\/sitio\/wp-json\/wp\/v2\/media?parent=150261"}],"wp:term":[{"taxonomy":"category","embeddable":true,"href":"https:\/\/eldiariodesanpedro.com.ar\/sitio\/wp-json\/wp\/v2\/categories?post=150261"},{"taxonomy":"post_tag","embeddable":true,"href":"https:\/\/eldiariodesanpedro.com.ar\/sitio\/wp-json\/wp\/v2\/tags?post=150261"}],"curies":[{"name":"wp","href":"https:\/\/api.w.org\/{rel}","templated":true}]}}