{"id":150256,"date":"2026-04-27T18:23:57","date_gmt":"2026-04-27T21:23:57","guid":{"rendered":"https:\/\/eldiariodesanpedro.com.ar\/sitio\/?p=150256"},"modified":"2026-04-27T18:24:02","modified_gmt":"2026-04-27T21:24:02","slug":"gran-inicio-de-tango-en-zapatillas-en-el-salon-de-los-espejos","status":"publish","type":"post","link":"https:\/\/eldiariodesanpedro.com.ar\/sitio\/gran-inicio-de-tango-en-zapatillas-en-el-salon-de-los-espejos\/","title":{"rendered":"Gran inicio de \u201cTango en Zapatillas\u201d en el Sal\u00f3n de los Espejos"},"content":{"rendered":"<!-- VideographyWP Plugin Message: Automatic video embedding prevented by plugin options. -->\n\n<p><em>La primera edici\u00f3n combin\u00f3 capacitaci\u00f3n y milonga abierta, con amplia participaci\u00f3n y la presencia de destacados referentes del tango.<\/em><\/p>\n\n\n\n<p>La propuesta cultural <strong>\u201cTango en Zapatillas\u201d<\/strong> tuvo su primera jornada con una destacada convocatoria, reuniendo tanto a bailarines experimentados como a vecinos que se acercaron por primera vez a este g\u00e9nero.<\/p>\n\n\n\n<p>El encuentro incluy\u00f3 <strong>una cl\u00ednica intensiva y una milonga abierta<\/strong>, desarrolladas en un ambiente <strong>c\u00e1lido, participativo y accesible<\/strong>, donde se combinaron aprendizaje y disfrute. La actividad estuvo encabezada por <strong>Rosana Porres y Gustavo Ippolito<\/strong>, <strong>campeones mundiales de Tango de Pista categor\u00eda Senior BA 2025<\/strong>, junto a la <strong>coordinaci\u00f3n local de Fernando Picasso<\/strong>, quienes aportaron su experiencia y cercan\u00eda en cada instancia.<\/p>\n\n\n\n<p>La tradicional esquina de <strong>Mitre y San Mart\u00edn<\/strong> fue escenario de la convocatoria, con una <strong>marquesina especialmente dise\u00f1ada<\/strong> que dio la bienvenida a los asistentes y marc\u00f3 el inicio de un ciclo que apunta a consolidarse como espacio cultural en la ciudad.<\/p>\n\n\n\n<p>Uno de los puntos destacados de la jornada fue el <strong>Sal\u00f3n de los Espejos<\/strong>, un \u00e1mbito que ofreci\u00f3 <strong>condiciones \u00f3ptimas para la pr\u00e1ctica del baile<\/strong>, gracias a su <strong>piso de madera y su entorno adecuado<\/strong>, favoreciendo el desarrollo de cada actividad.<\/p>\n\n\n\n<p>La iniciativa forma parte de un proyecto que prev\u00e9 <strong>encuentros mensuales con clases y milongas abiertas<\/strong>, incorporando la participaci\u00f3n de referentes del tango y generando un espacio inclusivo para todos los niveles.<\/p>\n\n\n\n<p>Desde la organizaci\u00f3n subrayaron el acompa\u00f1amiento del <strong>Centro de Comercio, Industria y Turismo de San Pedro<\/strong>, que impulsa este tipo de propuestas culturales y promueve la participaci\u00f3n comunitaria.<\/p>\n\n\n\n<p>El inicio de este ciclo abre una nueva agenda de actividades que buscar\u00e1 sostenerse en el tiempo, sumando encuentros y experiencias vinculadas al tango.<\/p>\n\n\n\n<p>#TangoEnZapatillas #Tango #Cultura #Milonga #Baile #EventosCulturales #SanPedro #CentroDeComercio #Sal\u00f3nDeLosEspejos<\/p>\n\n\n\n<div class=\"wp-block-jetpack-slideshow aligncenter\" data-effect=\"slide\" style=\"--aspect-ratio:calc(354 \/ 630)\"><div class=\"wp-block-jetpack-slideshow_container swiper\"><ul class=\"wp-block-jetpack-slideshow_swiper-wrapper swiper-wrapper\"><li class=\"wp-block-jetpack-slideshow_slide swiper-slide\"><figure><img decoding=\"async\" width=\"354\" height=\"630\" alt=\"\" class=\"wp-block-jetpack-slideshow_image wp-image-150258 lazyload\" data-id=\"150258\" data-aspect-ratio=\"354 \/ 630\" data-src=\"https:\/\/eldiariodesanpedro.com.ar\/sitio\/wp-content\/uploads\/2026\/04\/tango-zapatillas-1.jpeg\" data-srcset=\"https:\/\/eldiariodesanpedro.com.ar\/sitio\/wp-content\/uploads\/2026\/04\/tango-zapatillas-1.jpeg 354w, https:\/\/eldiariodesanpedro.com.ar\/sitio\/wp-content\/uploads\/2026\/04\/tango-zapatillas-1-169x300.jpeg 169w\" data-sizes=\"(max-width: 354px) 100vw, 354px\" src=\"data:image\/svg+xml;base64,PHN2ZyB3aWR0aD0iMSIgaGVpZ2h0PSIxIiB4bWxucz0iaHR0cDovL3d3dy53My5vcmcvMjAwMC9zdmciPjwvc3ZnPg==\" style=\"--smush-placeholder-width: 354px; --smush-placeholder-aspect-ratio: 354\/630;\" \/><\/figure><\/li><li class=\"wp-block-jetpack-slideshow_slide swiper-slide\"><figure><img decoding=\"async\" width=\"354\" height=\"630\" alt=\"\" class=\"wp-block-jetpack-slideshow_image wp-image-150259 lazyload\" data-id=\"150259\" data-aspect-ratio=\"354 \/ 630\" data-src=\"https:\/\/eldiariodesanpedro.com.ar\/sitio\/wp-content\/uploads\/2026\/04\/tango-zapatillas-2.jpeg\" data-srcset=\"https:\/\/eldiariodesanpedro.com.ar\/sitio\/wp-content\/uploads\/2026\/04\/tango-zapatillas-2.jpeg 354w, https:\/\/eldiariodesanpedro.com.ar\/sitio\/wp-content\/uploads\/2026\/04\/tango-zapatillas-2-169x300.jpeg 169w\" data-sizes=\"(max-width: 354px) 100vw, 354px\" src=\"data:image\/svg+xml;base64,PHN2ZyB3aWR0aD0iMSIgaGVpZ2h0PSIxIiB4bWxucz0iaHR0cDovL3d3dy53My5vcmcvMjAwMC9zdmciPjwvc3ZnPg==\" style=\"--smush-placeholder-width: 354px; --smush-placeholder-aspect-ratio: 354\/630;\" \/><\/figure><\/li><\/ul><a class=\"wp-block-jetpack-slideshow_button-prev swiper-button-prev swiper-button-white\" role=\"button\"><\/a><a class=\"wp-block-jetpack-slideshow_button-next swiper-button-next swiper-button-white\" role=\"button\"><\/a><a aria-label=\"Pause Slideshow\" class=\"wp-block-jetpack-slideshow_button-pause\" role=\"button\"><\/a><div class=\"wp-block-jetpack-slideshow_pagination swiper-pagination swiper-pagination-white\"><\/div><\/div><\/div>\n","protected":false},"excerpt":{"rendered":"<p>La primera edici\u00f3n combin\u00f3 capacitaci\u00f3n y milonga abierta, con amplia participaci\u00f3n y la presencia de destacados referentes del tango. La propuesta cultural \u201cTango en Zapatillas\u201d tuvo su primera jornada con una destacada convocatoria, reuniendo tanto a bailarines experimentados como a vecinos que se acercaron por primera vez a este g\u00e9nero. El encuentro incluy\u00f3 una cl\u00ednica [&hellip;]<\/p>\n","protected":false},"author":4,"featured_media":150257,"comment_status":"closed","ping_status":"closed","sticky":false,"template":"","format":"standard","meta":{"om_disable_all_campaigns":false,"_jetpack_memberships_contains_paid_content":false,"footnotes":""},"categories":[101,2],"tags":[10428,10421,1931,10427,10426,10423,10424,10422,7825,10425],"class_list":["post-150256","post","type-post","status-publish","format-standard","has-post-thumbnail","hentry","category-interes-general-locales","category-locales","tag-centro-de-comercio-industria-y-turismo","tag-clases-de-tango","tag-eventos-culturales","tag-fernando-picasso","tag-gustavo-ippolito","tag-milonga-abierta","tag-rosana-porres","tag-salon-de-los-espejos","tag-tango-en-zapatillas","tag-tango-san-pedro"],"aioseo_notices":[],"gutentor_comment":0,"jetpack_featured_media_url":"https:\/\/eldiariodesanpedro.com.ar\/sitio\/wp-content\/uploads\/2026\/04\/Tango-en-Zapatillas.jpg","jetpack_shortlink":"https:\/\/wp.me\/p6RhLt-D5u","jetpack_sharing_enabled":true,"_links":{"self":[{"href":"https:\/\/eldiariodesanpedro.com.ar\/sitio\/wp-json\/wp\/v2\/posts\/150256","targetHints":{"allow":["GET"]}}],"collection":[{"href":"https:\/\/eldiariodesanpedro.com.ar\/sitio\/wp-json\/wp\/v2\/posts"}],"about":[{"href":"https:\/\/eldiariodesanpedro.com.ar\/sitio\/wp-json\/wp\/v2\/types\/post"}],"author":[{"embeddable":true,"href":"https:\/\/eldiariodesanpedro.com.ar\/sitio\/wp-json\/wp\/v2\/users\/4"}],"replies":[{"embeddable":true,"href":"https:\/\/eldiariodesanpedro.com.ar\/sitio\/wp-json\/wp\/v2\/comments?post=150256"}],"version-history":[{"count":1,"href":"https:\/\/eldiariodesanpedro.com.ar\/sitio\/wp-json\/wp\/v2\/posts\/150256\/revisions"}],"predecessor-version":[{"id":150260,"href":"https:\/\/eldiariodesanpedro.com.ar\/sitio\/wp-json\/wp\/v2\/posts\/150256\/revisions\/150260"}],"wp:featuredmedia":[{"embeddable":true,"href":"https:\/\/eldiariodesanpedro.com.ar\/sitio\/wp-json\/wp\/v2\/media\/150257"}],"wp:attachment":[{"href":"https:\/\/eldiariodesanpedro.com.ar\/sitio\/wp-json\/wp\/v2\/media?parent=150256"}],"wp:term":[{"taxonomy":"category","embeddable":true,"href":"https:\/\/eldiariodesanpedro.com.ar\/sitio\/wp-json\/wp\/v2\/categories?post=150256"},{"taxonomy":"post_tag","embeddable":true,"href":"https:\/\/eldiariodesanpedro.com.ar\/sitio\/wp-json\/wp\/v2\/tags?post=150256"}],"curies":[{"name":"wp","href":"https:\/\/api.w.org\/{rel}","templated":true}]}}