{"id":15025,"date":"2017-02-19T20:22:22","date_gmt":"2017-02-19T23:22:22","guid":{"rendered":"https:\/\/eldiariodesanpedro.com.ar\/sitio\/?p=15025"},"modified":"2017-02-19T20:22:22","modified_gmt":"2017-02-19T23:22:22","slug":"piden-explicaciones-porque-trump-hablo-de-un-ataque-que-nunca-ocurrio","status":"publish","type":"post","link":"https:\/\/eldiariodesanpedro.com.ar\/sitio\/piden-explicaciones-porque-trump-hablo-de-un-ataque-que-nunca-ocurrio\/","title":{"rendered":"Piden explicaciones porque Trump habl\u00f3 de un ataque que nunca ocurri\u00f3"},"content":{"rendered":"<p><!-- VideographyWP Plugin Message: Automatic video embedding prevented by plugin options. --><br \/>\n(T\u00e9lam) &#8211; El gobierno sueco le pidi\u00f3 formalmente al departamento de Estado norteamericano una explicaci\u00f3n sobre el discurso del s\u00e1bado pasado del presidente Donald Trump en Florida, en donde frente a miles de seguidores habl\u00f3 de un supuesto atentado ocurrido el viernes en Suecia, algo que nunca sucedi\u00f3.<\/p>\n<p>A pedido de Estocolmo, la embajada sueca en Washington gir\u00f3 la consulta y pidi\u00f3 al gobierno de Trump aclarar a qu\u00e9 presunto \u201catentado terrorista\u201d se refiri\u00f3 el mandatario en su acalorado discurso, inform\u00f3 hoy en su edici\u00f3n digital el diario sueco Aftonbladet, citado por la agencia de noticias EFE.<\/p>\n<p>\u201c\u00bfVen lo que est\u00e1 pasando? -dijo Trump ante miles de seguidores en un acto con sus seguidores en Florida- Tenemos que mantener nuestro pa\u00eds a salvo. Ya ven lo que pas\u00f3 en Alemania, lo que ocurri\u00f3 anoche en Suecia\u201d.<\/p>\n<p>El presidente estadounidense mencion\u00f3 otros ataques, como los ocurridos en Bruselas y Niza, para luego concluir: \u201cSuecia, \u00bfqui\u00e9n lo iba a creer?\u201d. Seg\u00fan el razonamiento del mandatario estadounidense, ese supuesto atentado es la prueba de que ning\u00fan pa\u00eds es realmente seguro en la actualidad.<\/p>\n<p>Los medios coincidieron en que Trump quiso relacionar el atentado islamista contra un mercado navide\u00f1o en Berl\u00edn, donde 12 personas murieron a fines del a\u00f1o pasado, con un hipot\u00e9tico ataque similar en el pa\u00eds escandinavo.<\/p>\n<p>R\u00e1pidamente, las reacciones no tardaron en provocar un gran revuelo, como los tuits del ex primer ministro del pa\u00eds n\u00f3rdico, Carl Bildt, quien hoy se pregunt\u00f3: \u201c\u00bfSuecia? \u00bfUn ataque terrorista? \u00bfQu\u00e9 estuvo fumando?\u201d.<\/p>\n<p>Bildt no mencion\u00f3 a Trump, pero s\u00ed public\u00f3 una foto del presidente estadounidense y una nota sobre su nuevo traspi\u00e9 diplom\u00e1tico dentro de su tuit.<\/p>\n<p>En el mismo acto en Florida, Trump hab\u00eda cargado contra los medios de comunicaci\u00f3n y se comprometi\u00f3 a seguir combatiendo lo que calific\u00f3 de \u201cmentiras\u201d, una acusaci\u00f3n que ya hab\u00eda lanzado en las primarias y en las elecciones presidenciales del a\u00f1o pasado.<\/p>\n<p>\u201cA pesar de todas sus mentiras, de sus tergiversaciones y sus falsas historias, no pudieron derrotarnos en las primarias y no pudieron derrotarnos en las elecciones\u201d, celebr\u00f3 Trump ante unos 9.000 seguidores.<\/p>\n<p>La frase sobre el supuesto atentado en Suecia, seguida del comentario de Bildt -ex primer ministro y ex ministro de Exteriores-, generaron a\u00fan m\u00e1s comentarios ir\u00f3nicos y bromas en el pa\u00eds escandinavo, bajo el hashtag #LastNightInSweden.<\/p>\n<p>Esta pol\u00e9mica es la segunda que mantiene Trump con Suecia.<\/p>\n<p>Hace unas semanas, la vice primera ministra sueca y titular de Clima, la ecologista Isabella L\u00f6vin, public\u00f3 una fotograf\u00eda en las redes sociales en donde se ve junto a siete colaboradoras suyas, firmando una iniciativa de medio ambiente, una imagen que busc\u00f3 contraponerse a la del equipo eminentemente masculino que rode\u00f3 a Trump cuando \u00e9ste firm\u00f3 un decreto para eliminar la financiaci\u00f3n p\u00fablica a organizaciones civiles que asesoran a mujeres que quieren abortar.<\/p>\n","protected":false},"excerpt":{"rendered":"<p>(T\u00e9lam) &#8211; El gobierno sueco le pidi\u00f3 formalmente al departamento de Estado norteamericano una explicaci\u00f3n sobre el discurso del s\u00e1bado pasado del presidente Donald Trump en Florida, en donde frente a miles de seguidores habl\u00f3 de un supuesto atentado ocurrido el viernes en Suecia, algo que nunca sucedi\u00f3. A pedido de Estocolmo, la embajada sueca [&hellip;]<\/p>\n","protected":false},"author":4,"featured_media":15026,"comment_status":"open","ping_status":"closed","sticky":false,"template":"","format":"standard","meta":{"om_disable_all_campaigns":false,"_jetpack_memberships_contains_paid_content":false,"footnotes":""},"categories":[2],"tags":[],"class_list":["post-15025","post","type-post","status-publish","format-standard","has-post-thumbnail","hentry","category-locales"],"aioseo_notices":[],"gutentor_comment":0,"jetpack_featured_media_url":"https:\/\/eldiariodesanpedro.com.ar\/sitio\/wp-content\/uploads\/2017\/02\/58a60fc9ac00f_645x362.jpg","jetpack_shortlink":"https:\/\/wp.me\/p6RhLt-3Ul","jetpack_sharing_enabled":true,"_links":{"self":[{"href":"https:\/\/eldiariodesanpedro.com.ar\/sitio\/wp-json\/wp\/v2\/posts\/15025","targetHints":{"allow":["GET"]}}],"collection":[{"href":"https:\/\/eldiariodesanpedro.com.ar\/sitio\/wp-json\/wp\/v2\/posts"}],"about":[{"href":"https:\/\/eldiariodesanpedro.com.ar\/sitio\/wp-json\/wp\/v2\/types\/post"}],"author":[{"embeddable":true,"href":"https:\/\/eldiariodesanpedro.com.ar\/sitio\/wp-json\/wp\/v2\/users\/4"}],"replies":[{"embeddable":true,"href":"https:\/\/eldiariodesanpedro.com.ar\/sitio\/wp-json\/wp\/v2\/comments?post=15025"}],"version-history":[{"count":1,"href":"https:\/\/eldiariodesanpedro.com.ar\/sitio\/wp-json\/wp\/v2\/posts\/15025\/revisions"}],"predecessor-version":[{"id":15027,"href":"https:\/\/eldiariodesanpedro.com.ar\/sitio\/wp-json\/wp\/v2\/posts\/15025\/revisions\/15027"}],"wp:featuredmedia":[{"embeddable":true,"href":"https:\/\/eldiariodesanpedro.com.ar\/sitio\/wp-json\/wp\/v2\/media\/15026"}],"wp:attachment":[{"href":"https:\/\/eldiariodesanpedro.com.ar\/sitio\/wp-json\/wp\/v2\/media?parent=15025"}],"wp:term":[{"taxonomy":"category","embeddable":true,"href":"https:\/\/eldiariodesanpedro.com.ar\/sitio\/wp-json\/wp\/v2\/categories?post=15025"},{"taxonomy":"post_tag","embeddable":true,"href":"https:\/\/eldiariodesanpedro.com.ar\/sitio\/wp-json\/wp\/v2\/tags?post=15025"}],"curies":[{"name":"wp","href":"https:\/\/api.w.org\/{rel}","templated":true}]}}