{"id":150237,"date":"2026-04-27T14:26:27","date_gmt":"2026-04-27T17:26:27","guid":{"rendered":"https:\/\/eldiariodesanpedro.com.ar\/sitio\/?p=150237"},"modified":"2026-04-27T14:26:36","modified_gmt":"2026-04-27T17:26:36","slug":"reempadronamiento-de-la-asociacion-civil-club-de-jubilados-de-san-pedro","status":"publish","type":"post","link":"https:\/\/eldiariodesanpedro.com.ar\/sitio\/reempadronamiento-de-la-asociacion-civil-club-de-jubilados-de-san-pedro\/","title":{"rendered":"Reempadronamiento de la Asociacion Civil Club de Jubilados de San Pedro"},"content":{"rendered":"<!-- VideographyWP Plugin Message: Automatic video embedding prevented by plugin options. -->\n\n<p class=\"has-text-align-center\"><strong>CONVOCATORIA A REEMPADRONAMIENTO<br>ASOCIACI\u00d3N CIVIL CLUB DE JUBILADOS DE SAN PEDRO<\/strong><\/p>\n\n\n\n<p>La comisi\u00f3n normalizadora de la instituci\u00f3n \u00ab<strong>CLUB DE JUBILADOS DE SAN PEDRO<\/strong>\u00bb inscripta en la Direcci\u00f3n Provincial de Personas Jur\u00eddicas bajo legajo N\u00b0 32.194 y matr\u00edcula N\u00b0 4.110, convoca a todas las personas socias al d\u00eda 31 de diciembre del a\u00f1o 2019, a participar del proceso de reempadronamiento en el marco del expediente N\u00b0 46471\/25 del procedimiento de Condonaci\u00f3n y Normalizaci\u00f3n estipulado en la Ley 15.192. El reempadronamiento tendr\u00e1 lugar entre los d\u00edas 04 y 19, inclusive, del mes de Mayo del a\u00f1o 2026, desde las 14:00 horas a las 19:00 horas en la sede social con domicilio en Salta N\u00b0 170. Todo ello con motivo de conformar nuevo registro de socios y posterior padr\u00f3n que sirva de sustento a la asamblea de asociados que pr\u00f3ximamente ser\u00e1 convocada para tratar la regularizaci\u00f3n de la instituci\u00f3n y designar nuevas autoridades. <\/p>\n\n\n\n<p>Los socios podr\u00e1n contactarse al tel\u00e9fono 03329-389434 y al correo electr\u00f3nico estudiocontablejg@gmail.com.<\/p>\n\n\n\n<p><strong>COMISION NORMALIZADORA<\/strong><\/p>\n","protected":false},"excerpt":{"rendered":"<p>CONVOCATORIA A REEMPADRONAMIENTOASOCIACI\u00d3N CIVIL CLUB DE JUBILADOS DE SAN PEDRO La comisi\u00f3n normalizadora de la instituci\u00f3n \u00abCLUB DE JUBILADOS DE SAN PEDRO\u00bb inscripta en la Direcci\u00f3n Provincial de Personas Jur\u00eddicas bajo legajo N\u00b0 32.194 y matr\u00edcula N\u00b0 4.110, convoca a todas las personas socias al d\u00eda 31 de diciembre del a\u00f1o 2019, a participar del [&hellip;]<\/p>\n","protected":false},"author":4,"featured_media":150238,"comment_status":"closed","ping_status":"closed","sticky":false,"template":"","format":"standard","meta":{"om_disable_all_campaigns":false,"_jetpack_memberships_contains_paid_content":false,"footnotes":""},"categories":[678,676],"tags":[10407,286],"class_list":["post-150237","post","type-post","status-publish","format-standard","has-post-thumbnail","hentry","category-convocatorias","category-edictos","tag-club-de-jubilados","tag-reempadronamiento"],"aioseo_notices":[],"gutentor_comment":0,"jetpack_featured_media_url":"https:\/\/eldiariodesanpedro.com.ar\/sitio\/wp-content\/uploads\/2026\/04\/Asociacion-Civil-Club-de-Jubilados.jpg","jetpack_shortlink":"https:\/\/wp.me\/p6RhLt-D5b","jetpack_sharing_enabled":true,"_links":{"self":[{"href":"https:\/\/eldiariodesanpedro.com.ar\/sitio\/wp-json\/wp\/v2\/posts\/150237","targetHints":{"allow":["GET"]}}],"collection":[{"href":"https:\/\/eldiariodesanpedro.com.ar\/sitio\/wp-json\/wp\/v2\/posts"}],"about":[{"href":"https:\/\/eldiariodesanpedro.com.ar\/sitio\/wp-json\/wp\/v2\/types\/post"}],"author":[{"embeddable":true,"href":"https:\/\/eldiariodesanpedro.com.ar\/sitio\/wp-json\/wp\/v2\/users\/4"}],"replies":[{"embeddable":true,"href":"https:\/\/eldiariodesanpedro.com.ar\/sitio\/wp-json\/wp\/v2\/comments?post=150237"}],"version-history":[{"count":1,"href":"https:\/\/eldiariodesanpedro.com.ar\/sitio\/wp-json\/wp\/v2\/posts\/150237\/revisions"}],"predecessor-version":[{"id":150239,"href":"https:\/\/eldiariodesanpedro.com.ar\/sitio\/wp-json\/wp\/v2\/posts\/150237\/revisions\/150239"}],"wp:featuredmedia":[{"embeddable":true,"href":"https:\/\/eldiariodesanpedro.com.ar\/sitio\/wp-json\/wp\/v2\/media\/150238"}],"wp:attachment":[{"href":"https:\/\/eldiariodesanpedro.com.ar\/sitio\/wp-json\/wp\/v2\/media?parent=150237"}],"wp:term":[{"taxonomy":"category","embeddable":true,"href":"https:\/\/eldiariodesanpedro.com.ar\/sitio\/wp-json\/wp\/v2\/categories?post=150237"},{"taxonomy":"post_tag","embeddable":true,"href":"https:\/\/eldiariodesanpedro.com.ar\/sitio\/wp-json\/wp\/v2\/tags?post=150237"}],"curies":[{"name":"wp","href":"https:\/\/api.w.org\/{rel}","templated":true}]}}