{"id":150235,"date":"2026-04-27T13:29:13","date_gmt":"2026-04-27T16:29:13","guid":{"rendered":"https:\/\/eldiariodesanpedro.com.ar\/sitio\/?p=150235"},"modified":"2026-04-27T13:29:17","modified_gmt":"2026-04-27T16:29:17","slug":"denuncian-un-presunto-abuso-sexual-y-avanza-la-investigacion-judicial","status":"publish","type":"post","link":"https:\/\/eldiariodesanpedro.com.ar\/sitio\/denuncian-un-presunto-abuso-sexual-y-avanza-la-investigacion-judicial\/","title":{"rendered":"Denuncian un presunto abuso sexual y avanza la investigaci\u00f3n judicial"},"content":{"rendered":"<!-- VideographyWP Plugin Message: Automatic video embedding prevented by plugin options. -->\n\n<p><strong>El hecho habr\u00eda ocurrido durante la madrugada en una vivienda. La causa est\u00e1 en manos de la UFI N\u00b0 7, con intervenci\u00f3n de la Comisar\u00eda de la Mujer.<\/strong><\/p>\n\n\n\n<p>Una denuncia por <strong>presunto abuso sexual<\/strong> fue radicada en la <strong>Comisar\u00eda de la Mujer y la Familia<\/strong>, lo que dio inicio a una investigaci\u00f3n en el \u00e1mbito del <strong>Departamento Judicial San Nicol\u00e1s<\/strong>.<\/p>\n\n\n\n<p>De acuerdo a la informaci\u00f3n oficial, el episodio denunciado habr\u00eda tenido lugar durante la <strong>madrugada en una vivienda ubicada en calle Cucit al 1100<\/strong>. Tras lo ocurrido, la persona denunciante, domiciliada en <strong>calle Javier Rivero al 2300<\/strong>, se present\u00f3 ante las autoridades para formalizar la acusaci\u00f3n, acompa\u00f1ada por allegados.<\/p>\n\n\n\n<p>En el marco de las actuaciones, se dispuso la realizaci\u00f3n de una <strong>revisi\u00f3n m\u00e9dica en el Hospital Subzonal San Pedro<\/strong>, a cargo de profesionales policiales, como parte de las pericias correspondientes.<\/p>\n\n\n\n<p>Adem\u00e1s, se solicit\u00f3 una <strong>medida de restricci\u00f3n de acercamiento<\/strong> hacia el acusado, la cual ser\u00e1 evaluada por el <strong>Juzgado de Garant\u00edas interviniente<\/strong>.<\/p>\n\n\n\n<p>La causa qued\u00f3 a cargo de la <strong>UFI N\u00b0 7<\/strong>, que contin\u00faa con la recolecci\u00f3n de pruebas y testimonios con el objetivo de esclarecer el hecho. Tambi\u00e9n se dio intervenci\u00f3n a \u00e1reas de asistencia a la v\u00edctima, que brindar\u00e1n <strong>acompa\u00f1amiento y asesoramiento durante el proceso judicial<\/strong>.<\/p>\n\n\n\n<p>#abuso #denuncia #violencia #justicia #investigaci\u00f3n #policiales #seguridad<\/p>\n","protected":false},"excerpt":{"rendered":"<p>El hecho habr\u00eda ocurrido durante la madrugada en una vivienda. La causa est\u00e1 en manos de la UFI N\u00b0 7, con intervenci\u00f3n de la Comisar\u00eda de la Mujer. Una denuncia por presunto abuso sexual fue radicada en la Comisar\u00eda de la Mujer y la Familia, lo que dio inicio a una investigaci\u00f3n en el \u00e1mbito [&hellip;]<\/p>\n","protected":false},"author":4,"featured_media":143881,"comment_status":"closed","ping_status":"closed","sticky":false,"template":"","format":"standard","meta":{"om_disable_all_campaigns":false,"_jetpack_memberships_contains_paid_content":false,"footnotes":""},"categories":[50,2,103],"tags":[10405,6831,6181,8013,7103,7086,2396],"class_list":["post-150235","post","type-post","status-publish","format-standard","has-post-thumbnail","hentry","category-destacadas","category-locales","category-policiales-locales","tag-abuso-sexual-denuncia","tag-comisaria-de-la-mujer-2","tag-hospital-subzonal-san-pedro","tag-investigacion-judicial","tag-restriccion-de-acercamiento","tag-ufi-7-san-nicolas","tag-violencia-de-genero-2"],"aioseo_notices":[],"gutentor_comment":0,"jetpack_featured_media_url":"https:\/\/eldiariodesanpedro.com.ar\/sitio\/wp-content\/uploads\/2025\/09\/Comisaria-de-la-Mujer-y-la-Familia-800x445-1.jpg","jetpack_shortlink":"https:\/\/wp.me\/p6RhLt-D59","jetpack_sharing_enabled":true,"_links":{"self":[{"href":"https:\/\/eldiariodesanpedro.com.ar\/sitio\/wp-json\/wp\/v2\/posts\/150235","targetHints":{"allow":["GET"]}}],"collection":[{"href":"https:\/\/eldiariodesanpedro.com.ar\/sitio\/wp-json\/wp\/v2\/posts"}],"about":[{"href":"https:\/\/eldiariodesanpedro.com.ar\/sitio\/wp-json\/wp\/v2\/types\/post"}],"author":[{"embeddable":true,"href":"https:\/\/eldiariodesanpedro.com.ar\/sitio\/wp-json\/wp\/v2\/users\/4"}],"replies":[{"embeddable":true,"href":"https:\/\/eldiariodesanpedro.com.ar\/sitio\/wp-json\/wp\/v2\/comments?post=150235"}],"version-history":[{"count":1,"href":"https:\/\/eldiariodesanpedro.com.ar\/sitio\/wp-json\/wp\/v2\/posts\/150235\/revisions"}],"predecessor-version":[{"id":150236,"href":"https:\/\/eldiariodesanpedro.com.ar\/sitio\/wp-json\/wp\/v2\/posts\/150235\/revisions\/150236"}],"wp:featuredmedia":[{"embeddable":true,"href":"https:\/\/eldiariodesanpedro.com.ar\/sitio\/wp-json\/wp\/v2\/media\/143881"}],"wp:attachment":[{"href":"https:\/\/eldiariodesanpedro.com.ar\/sitio\/wp-json\/wp\/v2\/media?parent=150235"}],"wp:term":[{"taxonomy":"category","embeddable":true,"href":"https:\/\/eldiariodesanpedro.com.ar\/sitio\/wp-json\/wp\/v2\/categories?post=150235"},{"taxonomy":"post_tag","embeddable":true,"href":"https:\/\/eldiariodesanpedro.com.ar\/sitio\/wp-json\/wp\/v2\/tags?post=150235"}],"curies":[{"name":"wp","href":"https:\/\/api.w.org\/{rel}","templated":true}]}}