{"id":150226,"date":"2026-04-27T11:46:26","date_gmt":"2026-04-27T14:46:26","guid":{"rendered":"https:\/\/eldiariodesanpedro.com.ar\/sitio\/?p=150226"},"modified":"2026-04-27T11:46:31","modified_gmt":"2026-04-27T14:46:31","slug":"aprehendieron-a-un-menor-acusado-de-agredir-a-su-tio-con-una-gomera","status":"publish","type":"post","link":"https:\/\/eldiariodesanpedro.com.ar\/sitio\/aprehendieron-a-un-menor-acusado-de-agredir-a-su-tio-con-una-gomera\/","title":{"rendered":"Aprehendieron a un menor acusado de agredir a su t\u00edo con una gomera"},"content":{"rendered":"<!-- VideographyWP Plugin Message: Automatic video embedding prevented by plugin options. -->\n\n<p>Un joven de 17 a\u00f1os fue aprehendido tras un conflicto familiar ocurrido en una vivienda de calle Auli al 1080.<\/p>\n\n\n\n<p>Personal de la <strong>Estaci\u00f3n de Polic\u00eda Comunal San Pedro<\/strong> intervino durante la noche de ayer en un <strong>episodio de violencia familiar<\/strong> registrado en una vivienda ubicada en <strong>Auli al 1080<\/strong>.<\/p>\n\n\n\n<p>Seg\u00fan informaron fuentes policiales, un <strong>adolescente de 17 a\u00f1os<\/strong> habr\u00eda agredido a su <strong>t\u00edo, de 43 a\u00f1os<\/strong>, utilizando una <strong>gomera<\/strong>. El impacto le habr\u00eda provocado lesiones en la zona de la <strong>nuca<\/strong>, por lo que el hombre cay\u00f3 al suelo y qued\u00f3 inconsciente.<\/p>\n\n\n\n<p>Ante la situaci\u00f3n, los efectivos procedieron a la <strong>aprehensi\u00f3n del menor<\/strong>, quien fue trasladado a la dependencia policial e imputado por el delito de <strong>lesiones leves<\/strong>.<\/p>\n\n\n\n<p>La causa qued\u00f3 a disposici\u00f3n de la <strong>UFI del Joven de San Nicol\u00e1s<\/strong>, que contin\u00faa con las actuaciones judiciales correspondientes.<\/p>\n\n\n\n<p>#Policiales #ViolenciaFamiliar #LesionesLeves #SanPedro #UfiDelJoven #NoticiasLocales<\/p>\n","protected":false},"excerpt":{"rendered":"<p>Un joven de 17 a\u00f1os fue aprehendido tras un conflicto familiar ocurrido en una vivienda de calle Auli al 1080. Personal de la Estaci\u00f3n de Polic\u00eda Comunal San Pedro intervino durante la noche de ayer en un episodio de violencia familiar registrado en una vivienda ubicada en Auli al 1080. Seg\u00fan informaron fuentes policiales, un [&hellip;]<\/p>\n","protected":false},"author":4,"featured_media":150227,"comment_status":"closed","ping_status":"closed","sticky":false,"template":"","format":"standard","meta":{"om_disable_all_campaigns":false,"_jetpack_memberships_contains_paid_content":false,"footnotes":""},"categories":[50,2,103],"tags":[],"class_list":["post-150226","post","type-post","status-publish","format-standard","has-post-thumbnail","hentry","category-destacadas","category-locales","category-policiales-locales"],"aioseo_notices":[],"gutentor_comment":0,"jetpack_featured_media_url":"https:\/\/eldiariodesanpedro.com.ar\/sitio\/wp-content\/uploads\/2026\/04\/guardia.jpg","jetpack_shortlink":"https:\/\/wp.me\/p6RhLt-D50","jetpack_sharing_enabled":true,"_links":{"self":[{"href":"https:\/\/eldiariodesanpedro.com.ar\/sitio\/wp-json\/wp\/v2\/posts\/150226","targetHints":{"allow":["GET"]}}],"collection":[{"href":"https:\/\/eldiariodesanpedro.com.ar\/sitio\/wp-json\/wp\/v2\/posts"}],"about":[{"href":"https:\/\/eldiariodesanpedro.com.ar\/sitio\/wp-json\/wp\/v2\/types\/post"}],"author":[{"embeddable":true,"href":"https:\/\/eldiariodesanpedro.com.ar\/sitio\/wp-json\/wp\/v2\/users\/4"}],"replies":[{"embeddable":true,"href":"https:\/\/eldiariodesanpedro.com.ar\/sitio\/wp-json\/wp\/v2\/comments?post=150226"}],"version-history":[{"count":1,"href":"https:\/\/eldiariodesanpedro.com.ar\/sitio\/wp-json\/wp\/v2\/posts\/150226\/revisions"}],"predecessor-version":[{"id":150228,"href":"https:\/\/eldiariodesanpedro.com.ar\/sitio\/wp-json\/wp\/v2\/posts\/150226\/revisions\/150228"}],"wp:featuredmedia":[{"embeddable":true,"href":"https:\/\/eldiariodesanpedro.com.ar\/sitio\/wp-json\/wp\/v2\/media\/150227"}],"wp:attachment":[{"href":"https:\/\/eldiariodesanpedro.com.ar\/sitio\/wp-json\/wp\/v2\/media?parent=150226"}],"wp:term":[{"taxonomy":"category","embeddable":true,"href":"https:\/\/eldiariodesanpedro.com.ar\/sitio\/wp-json\/wp\/v2\/categories?post=150226"},{"taxonomy":"post_tag","embeddable":true,"href":"https:\/\/eldiariodesanpedro.com.ar\/sitio\/wp-json\/wp\/v2\/tags?post=150226"}],"curies":[{"name":"wp","href":"https:\/\/api.w.org\/{rel}","templated":true}]}}