{"id":150221,"date":"2026-04-27T11:33:23","date_gmt":"2026-04-27T14:33:23","guid":{"rendered":"https:\/\/eldiariodesanpedro.com.ar\/sitio\/?p=150221"},"modified":"2026-04-27T11:38:34","modified_gmt":"2026-04-27T14:38:34","slug":"aprehenden-a-un-joven-por-agredir-y-amenazar-a-su-hermano-menor","status":"publish","type":"post","link":"https:\/\/eldiariodesanpedro.com.ar\/sitio\/aprehenden-a-un-joven-por-agredir-y-amenazar-a-su-hermano-menor\/","title":{"rendered":"Aprehenden a un joven por agredir y amenazar a su hermano menor"},"content":{"rendered":"<!-- VideographyWP Plugin Message: Automatic video embedding prevented by plugin options. -->\n\n<p>Un joven de 23 a\u00f1os fue detenido tras un hecho de violencia familiar ocurrido durante la noche en una vivienda de la ciudad.<\/p>\n\n\n\n<p>Personal de la <strong>EPC<\/strong> intervino <strong>en la noche del d\u00eda de ayer<\/strong>, tras un llamado de emergencia que alertaba sobre un conflicto familiar en una vivienda ubicada en <strong>calle Molina s\/n<\/strong>. Al arribar al lugar, los efectivos procedieron a la <strong>aprehensi\u00f3n de un masculino de 23 a\u00f1os<\/strong>, se\u00f1alado como autor de una agresi\u00f3n f\u00edsica y amenazas.<\/p>\n\n\n\n<p>De acuerdo a la informaci\u00f3n oficial, el joven habr\u00eda atacado a su <strong>hermano de 14 a\u00f1os<\/strong>, en el marco de una discusi\u00f3n previa. La v\u00edctima fue trasladada y <strong>asistida en la Comisar\u00eda de la Mujer y la Familia<\/strong>, donde recibi\u00f3 contenci\u00f3n junto a un adulto responsable.<\/p>\n\n\n\n<p>La causa qued\u00f3 en manos de la <strong>fiscal\u00eda local<\/strong>, que dispuso la <strong>notificaci\u00f3n de la formaci\u00f3n de la causa<\/strong> para el imputado, quien permanece <strong>alojado en el sector de calabozos<\/strong> a la espera de nuevas disposiciones judiciales.<\/p>\n\n\n\n<p>#ViolenciaFamiliar #Aprehendido #Policiales #IntervencionPolicial #ComisariaDeLaMujer #Justicia #Seguridad<\/p>\n\n\n<div class=\"wp-block-image\">\n<figure class=\"aligncenter size-full\"><img decoding=\"async\" width=\"473\" height=\"630\" data-attachment-id=\"150223\" data-permalink=\"https:\/\/eldiariodesanpedro.com.ar\/sitio\/aprehenden-a-un-joven-por-agredir-y-amenazar-a-su-hermano-menor\/3-185\/\" data-orig-file=\"https:\/\/eldiariodesanpedro.com.ar\/sitio\/wp-content\/uploads\/2026\/04\/3-8.jpg\" data-orig-size=\"473,630\" data-comments-opened=\"0\" data-image-meta=\"{&quot;aperture&quot;:&quot;0&quot;,&quot;credit&quot;:&quot;&quot;,&quot;camera&quot;:&quot;&quot;,&quot;caption&quot;:&quot;&quot;,&quot;created_timestamp&quot;:&quot;0&quot;,&quot;copyright&quot;:&quot;&quot;,&quot;focal_length&quot;:&quot;0&quot;,&quot;iso&quot;:&quot;0&quot;,&quot;shutter_speed&quot;:&quot;0&quot;,&quot;title&quot;:&quot;&quot;,&quot;orientation&quot;:&quot;0&quot;}\" data-image-title=\"3\" data-image-description=\"\" data-image-caption=\"\" data-large-file=\"https:\/\/eldiariodesanpedro.com.ar\/sitio\/wp-content\/uploads\/2026\/04\/3-8.jpg\" data-src=\"https:\/\/eldiariodesanpedro.com.ar\/sitio\/wp-content\/uploads\/2026\/04\/3-8.jpg\" alt=\"\" class=\"wp-image-150223 lazyload\" data-srcset=\"https:\/\/eldiariodesanpedro.com.ar\/sitio\/wp-content\/uploads\/2026\/04\/3-8.jpg 473w, https:\/\/eldiariodesanpedro.com.ar\/sitio\/wp-content\/uploads\/2026\/04\/3-8-225x300.jpg 225w\" data-sizes=\"(max-width: 473px) 100vw, 473px\" src=\"data:image\/svg+xml;base64,PHN2ZyB3aWR0aD0iMSIgaGVpZ2h0PSIxIiB4bWxucz0iaHR0cDovL3d3dy53My5vcmcvMjAwMC9zdmciPjwvc3ZnPg==\" style=\"--smush-placeholder-width: 473px; --smush-placeholder-aspect-ratio: 473\/630;\" \/><\/figure>\n<\/div>","protected":false},"excerpt":{"rendered":"<p>Un joven de 23 a\u00f1os fue detenido tras un hecho de violencia familiar ocurrido durante la noche en una vivienda de la ciudad. Personal de la EPC intervino en la noche del d\u00eda de ayer, tras un llamado de emergencia que alertaba sobre un conflicto familiar en una vivienda ubicada en calle Molina s\/n. Al [&hellip;]<\/p>\n","protected":false},"author":4,"featured_media":150222,"comment_status":"closed","ping_status":"closed","sticky":false,"template":"","format":"standard","meta":{"om_disable_all_campaigns":false,"_jetpack_memberships_contains_paid_content":false,"footnotes":""},"categories":[2,103],"tags":[10403,10404,10402,9453,6831,5418,3694,1037],"class_list":["post-150221","post","type-post","status-publish","format-standard","has-post-thumbnail","hentry","category-locales","category-policiales-locales","tag-agresion-hermano-menor","tag-amenazas-familiares","tag-aprehension-joven","tag-caso-policial","tag-comisaria-de-la-mujer-2","tag-fiscalia-local","tag-intervencion-policial","tag-violencia-familiar"],"aioseo_notices":[],"gutentor_comment":0,"jetpack_featured_media_url":"https:\/\/eldiariodesanpedro.com.ar\/sitio\/wp-content\/uploads\/2026\/04\/violencia-familiar.jpg","jetpack_shortlink":"https:\/\/wp.me\/p6RhLt-D4V","jetpack_sharing_enabled":true,"_links":{"self":[{"href":"https:\/\/eldiariodesanpedro.com.ar\/sitio\/wp-json\/wp\/v2\/posts\/150221","targetHints":{"allow":["GET"]}}],"collection":[{"href":"https:\/\/eldiariodesanpedro.com.ar\/sitio\/wp-json\/wp\/v2\/posts"}],"about":[{"href":"https:\/\/eldiariodesanpedro.com.ar\/sitio\/wp-json\/wp\/v2\/types\/post"}],"author":[{"embeddable":true,"href":"https:\/\/eldiariodesanpedro.com.ar\/sitio\/wp-json\/wp\/v2\/users\/4"}],"replies":[{"embeddable":true,"href":"https:\/\/eldiariodesanpedro.com.ar\/sitio\/wp-json\/wp\/v2\/comments?post=150221"}],"version-history":[{"count":1,"href":"https:\/\/eldiariodesanpedro.com.ar\/sitio\/wp-json\/wp\/v2\/posts\/150221\/revisions"}],"predecessor-version":[{"id":150224,"href":"https:\/\/eldiariodesanpedro.com.ar\/sitio\/wp-json\/wp\/v2\/posts\/150221\/revisions\/150224"}],"wp:featuredmedia":[{"embeddable":true,"href":"https:\/\/eldiariodesanpedro.com.ar\/sitio\/wp-json\/wp\/v2\/media\/150222"}],"wp:attachment":[{"href":"https:\/\/eldiariodesanpedro.com.ar\/sitio\/wp-json\/wp\/v2\/media?parent=150221"}],"wp:term":[{"taxonomy":"category","embeddable":true,"href":"https:\/\/eldiariodesanpedro.com.ar\/sitio\/wp-json\/wp\/v2\/categories?post=150221"},{"taxonomy":"post_tag","embeddable":true,"href":"https:\/\/eldiariodesanpedro.com.ar\/sitio\/wp-json\/wp\/v2\/tags?post=150221"}],"curies":[{"name":"wp","href":"https:\/\/api.w.org\/{rel}","templated":true}]}}