{"id":150217,"date":"2026-04-27T11:18:40","date_gmt":"2026-04-27T14:18:40","guid":{"rendered":"https:\/\/eldiariodesanpedro.com.ar\/sitio\/?p=150217"},"modified":"2026-04-27T11:18:44","modified_gmt":"2026-04-27T14:18:44","slug":"choque-entre-motocicletas-dejo-dos-mujeres-con-lesiones-leves","status":"publish","type":"post","link":"https:\/\/eldiariodesanpedro.com.ar\/sitio\/choque-entre-motocicletas-dejo-dos-mujeres-con-lesiones-leves\/","title":{"rendered":"Choque entre motocicletas dej\u00f3 dos mujeres con lesiones leves"},"content":{"rendered":"<!-- VideographyWP Plugin Message: Automatic video embedding prevented by plugin options. -->\n\n<p>Un siniestro vial ocurrido el s\u00e1bado en una esquina c\u00e9ntrica dej\u00f3 como saldo dos mujeres heridas que fueron trasladadas al hospital.<\/p>\n\n\n\n<p>El hecho se registr\u00f3 el <strong>s\u00e1bado<\/strong> en la intersecci\u00f3n de <strong>calles Mart\u00edn Fierro y Belgrano<\/strong>, donde por causas que a\u00fan se intentan establecer <strong>colisionaron dos motocicletas<\/strong>. Una de ellas, una <strong>Gilera 110 cc de color rojo y negro<\/strong>, era conducida por un <strong>hombre de 42 a\u00f1os<\/strong>.<\/p>\n\n\n\n<p>La otra motocicleta, que <strong>no se encontraba en el lugar al arribo policial<\/strong>, era guiada por una <strong>mujer de 22 a\u00f1os<\/strong>, quien circulaba acompa\u00f1ada por otra <strong>mujer de 41 a\u00f1os<\/strong>. Ambas fueron <strong>trasladadas conscientes al hospital local<\/strong>, donde se constat\u00f3 que presentaban <strong>lesiones de car\u00e1cter leve<\/strong>.<\/p>\n\n\n\n<p>En el hecho tom\u00f3 intervenci\u00f3n la <strong>fiscal\u00eda local<\/strong>, que inici\u00f3 actuaciones para determinar las circunstancias del siniestro.<\/p>\n\n\n\n<p>#Accidente #Transito #Motocicleta #Choque #Policiales #SeguridadVial #LesionesLeves<\/p>\n","protected":false},"excerpt":{"rendered":"<p>Un siniestro vial ocurrido el s\u00e1bado en una esquina c\u00e9ntrica dej\u00f3 como saldo dos mujeres heridas que fueron trasladadas al hospital. El hecho se registr\u00f3 el s\u00e1bado en la intersecci\u00f3n de calles Mart\u00edn Fierro y Belgrano, donde por causas que a\u00fan se intentan establecer colisionaron dos motocicletas. Una de ellas, una Gilera 110 cc de [&hellip;]<\/p>\n","protected":false},"author":4,"featured_media":150218,"comment_status":"closed","ping_status":"closed","sticky":false,"template":"","format":"standard","meta":{"om_disable_all_campaigns":false,"_jetpack_memberships_contains_paid_content":false,"footnotes":""},"categories":[2,103],"tags":[3612,8364,5418,3694,3951,10401,10400,5417],"class_list":["post-150217","post","type-post","status-publish","format-standard","has-post-thumbnail","hentry","category-locales","category-policiales-locales","tag-accidente-de-transito-2","tag-choque-de-motos","tag-fiscalia-local","tag-intervencion-policial","tag-lesiones-leves","tag-martin-fierro-y-belgrano","tag-motocicleta-gilera-110","tag-siniestro-vial"],"aioseo_notices":[],"gutentor_comment":0,"jetpack_featured_media_url":"https:\/\/eldiariodesanpedro.com.ar\/sitio\/wp-content\/uploads\/2026\/04\/Choque.jpg","jetpack_shortlink":"https:\/\/wp.me\/p6RhLt-D4R","jetpack_sharing_enabled":true,"_links":{"self":[{"href":"https:\/\/eldiariodesanpedro.com.ar\/sitio\/wp-json\/wp\/v2\/posts\/150217","targetHints":{"allow":["GET"]}}],"collection":[{"href":"https:\/\/eldiariodesanpedro.com.ar\/sitio\/wp-json\/wp\/v2\/posts"}],"about":[{"href":"https:\/\/eldiariodesanpedro.com.ar\/sitio\/wp-json\/wp\/v2\/types\/post"}],"author":[{"embeddable":true,"href":"https:\/\/eldiariodesanpedro.com.ar\/sitio\/wp-json\/wp\/v2\/users\/4"}],"replies":[{"embeddable":true,"href":"https:\/\/eldiariodesanpedro.com.ar\/sitio\/wp-json\/wp\/v2\/comments?post=150217"}],"version-history":[{"count":2,"href":"https:\/\/eldiariodesanpedro.com.ar\/sitio\/wp-json\/wp\/v2\/posts\/150217\/revisions"}],"predecessor-version":[{"id":150220,"href":"https:\/\/eldiariodesanpedro.com.ar\/sitio\/wp-json\/wp\/v2\/posts\/150217\/revisions\/150220"}],"wp:featuredmedia":[{"embeddable":true,"href":"https:\/\/eldiariodesanpedro.com.ar\/sitio\/wp-json\/wp\/v2\/media\/150218"}],"wp:attachment":[{"href":"https:\/\/eldiariodesanpedro.com.ar\/sitio\/wp-json\/wp\/v2\/media?parent=150217"}],"wp:term":[{"taxonomy":"category","embeddable":true,"href":"https:\/\/eldiariodesanpedro.com.ar\/sitio\/wp-json\/wp\/v2\/categories?post=150217"},{"taxonomy":"post_tag","embeddable":true,"href":"https:\/\/eldiariodesanpedro.com.ar\/sitio\/wp-json\/wp\/v2\/tags?post=150217"}],"curies":[{"name":"wp","href":"https:\/\/api.w.org\/{rel}","templated":true}]}}