{"id":150211,"date":"2026-04-27T11:07:25","date_gmt":"2026-04-27T14:07:25","guid":{"rendered":"https:\/\/eldiariodesanpedro.com.ar\/sitio\/?p=150211"},"modified":"2026-04-27T11:12:49","modified_gmt":"2026-04-27T14:12:49","slug":"aprehenden-a-una-mujer-por-provocar-disturbios-en-la-via-publica","status":"publish","type":"post","link":"https:\/\/eldiariodesanpedro.com.ar\/sitio\/aprehenden-a-una-mujer-por-provocar-disturbios-en-la-via-publica\/","title":{"rendered":"Aprehenden a una mujer por provocar disturbios en la v\u00eda p\u00fablica"},"content":{"rendered":"<!-- VideographyWP Plugin Message: Automatic video embedding prevented by plugin options. -->\n\n<p>Una mujer fue detenida tras protagonizar disturbios en la v\u00eda p\u00fablica, en un episodio registrado durante la jornada de ayer.<\/p>\n\n\n\n<p>El hecho ocurri\u00f3 en la intersecci\u00f3n de <strong>B. Sampedrinas y Dr. Casella<\/strong>, donde personal de la <strong>EPC<\/strong> procedi\u00f3 a la <strong>aprehensi\u00f3n de una mujer de 36 a\u00f1os<\/strong> que se encontraba <strong>alterando el orden p\u00fablico en aparente estado de ebriedad<\/strong>.<\/p>\n\n\n\n<p>Seg\u00fan informaron fuentes policiales, la intervenci\u00f3n se produjo a partir de la conducta de la implicada, que generaba disturbios en el lugar. Tras ser reducida, fue trasladada y qued\u00f3 a disposici\u00f3n del <strong>Juzgado de Paz local<\/strong>, que interviene en la causa.<\/p>\n\n\n\n<p>#Policiales #Aprehensi\u00f3n #Disturbios #OrdenP\u00fablico #Seguridad #ProcedimientoPolicial<\/p>\n\n\n\n<figure class=\"wp-block-image size-full\"><img decoding=\"async\" width=\"473\" height=\"630\" data-attachment-id=\"150214\" data-permalink=\"https:\/\/eldiariodesanpedro.com.ar\/sitio\/aprehenden-a-una-mujer-por-provocar-disturbios-en-la-via-publica\/1-409\/\" data-orig-file=\"https:\/\/eldiariodesanpedro.com.ar\/sitio\/wp-content\/uploads\/2026\/04\/1-8.jpg\" data-orig-size=\"473,630\" data-comments-opened=\"0\" data-image-meta=\"{&quot;aperture&quot;:&quot;0&quot;,&quot;credit&quot;:&quot;&quot;,&quot;camera&quot;:&quot;&quot;,&quot;caption&quot;:&quot;&quot;,&quot;created_timestamp&quot;:&quot;0&quot;,&quot;copyright&quot;:&quot;&quot;,&quot;focal_length&quot;:&quot;0&quot;,&quot;iso&quot;:&quot;0&quot;,&quot;shutter_speed&quot;:&quot;0&quot;,&quot;title&quot;:&quot;&quot;,&quot;orientation&quot;:&quot;0&quot;}\" data-image-title=\"1\" data-image-description=\"\" data-image-caption=\"\" data-large-file=\"https:\/\/eldiariodesanpedro.com.ar\/sitio\/wp-content\/uploads\/2026\/04\/1-8.jpg\" data-src=\"https:\/\/eldiariodesanpedro.com.ar\/sitio\/wp-content\/uploads\/2026\/04\/1-8.jpg\" alt=\"\" class=\"wp-image-150214 lazyload\" data-srcset=\"https:\/\/eldiariodesanpedro.com.ar\/sitio\/wp-content\/uploads\/2026\/04\/1-8.jpg 473w, https:\/\/eldiariodesanpedro.com.ar\/sitio\/wp-content\/uploads\/2026\/04\/1-8-225x300.jpg 225w\" data-sizes=\"(max-width: 473px) 100vw, 473px\" src=\"data:image\/svg+xml;base64,PHN2ZyB3aWR0aD0iMSIgaGVpZ2h0PSIxIiB4bWxucz0iaHR0cDovL3d3dy53My5vcmcvMjAwMC9zdmciPjwvc3ZnPg==\" style=\"--smush-placeholder-width: 473px; --smush-placeholder-aspect-ratio: 473\/630;\" \/><\/figure>\n","protected":false},"excerpt":{"rendered":"<p>Una mujer fue detenida tras protagonizar disturbios en la v\u00eda p\u00fablica, en un episodio registrado durante la jornada de ayer. El hecho ocurri\u00f3 en la intersecci\u00f3n de B. Sampedrinas y Dr. Casella, donde personal de la EPC procedi\u00f3 a la aprehensi\u00f3n de una mujer de 36 a\u00f1os que se encontraba alterando el orden p\u00fablico en [&hellip;]<\/p>\n","protected":false},"author":4,"featured_media":150213,"comment_status":"closed","ping_status":"closed","sticky":false,"template":"","format":"standard","meta":{"om_disable_all_campaigns":false,"_jetpack_memberships_contains_paid_content":false,"footnotes":""},"categories":[2,103],"tags":[8717,10398,9470,10397,10399],"class_list":["post-150211","post","type-post","status-publish","format-standard","has-post-thumbnail","hentry","category-locales","category-policiales-locales","tag-alteracion-del-orden-publico","tag-aprehension-mujer-disturbios","tag-juzgado-de-paz-intervencion","tag-mujer-detenida-ebriedad","tag-procedimiento-policial-epc"],"aioseo_notices":[],"gutentor_comment":0,"jetpack_featured_media_url":"https:\/\/eldiariodesanpedro.com.ar\/sitio\/wp-content\/uploads\/2026\/04\/disturbios.jpg","jetpack_shortlink":"https:\/\/wp.me\/p6RhLt-D4L","jetpack_sharing_enabled":true,"_links":{"self":[{"href":"https:\/\/eldiariodesanpedro.com.ar\/sitio\/wp-json\/wp\/v2\/posts\/150211","targetHints":{"allow":["GET"]}}],"collection":[{"href":"https:\/\/eldiariodesanpedro.com.ar\/sitio\/wp-json\/wp\/v2\/posts"}],"about":[{"href":"https:\/\/eldiariodesanpedro.com.ar\/sitio\/wp-json\/wp\/v2\/types\/post"}],"author":[{"embeddable":true,"href":"https:\/\/eldiariodesanpedro.com.ar\/sitio\/wp-json\/wp\/v2\/users\/4"}],"replies":[{"embeddable":true,"href":"https:\/\/eldiariodesanpedro.com.ar\/sitio\/wp-json\/wp\/v2\/comments?post=150211"}],"version-history":[{"count":2,"href":"https:\/\/eldiariodesanpedro.com.ar\/sitio\/wp-json\/wp\/v2\/posts\/150211\/revisions"}],"predecessor-version":[{"id":150216,"href":"https:\/\/eldiariodesanpedro.com.ar\/sitio\/wp-json\/wp\/v2\/posts\/150211\/revisions\/150216"}],"wp:featuredmedia":[{"embeddable":true,"href":"https:\/\/eldiariodesanpedro.com.ar\/sitio\/wp-json\/wp\/v2\/media\/150213"}],"wp:attachment":[{"href":"https:\/\/eldiariodesanpedro.com.ar\/sitio\/wp-json\/wp\/v2\/media?parent=150211"}],"wp:term":[{"taxonomy":"category","embeddable":true,"href":"https:\/\/eldiariodesanpedro.com.ar\/sitio\/wp-json\/wp\/v2\/categories?post=150211"},{"taxonomy":"post_tag","embeddable":true,"href":"https:\/\/eldiariodesanpedro.com.ar\/sitio\/wp-json\/wp\/v2\/tags?post=150211"}],"curies":[{"name":"wp","href":"https:\/\/api.w.org\/{rel}","templated":true}]}}