{"id":150209,"date":"2026-04-27T09:33:16","date_gmt":"2026-04-27T12:33:16","guid":{"rendered":"https:\/\/eldiariodesanpedro.com.ar\/sitio\/?p=150209"},"modified":"2026-04-27T09:33:20","modified_gmt":"2026-04-27T12:33:20","slug":"fallecio-teodoro-bernardino-lopez-a-los-84-anos","status":"publish","type":"post","link":"https:\/\/eldiariodesanpedro.com.ar\/sitio\/fallecio-teodoro-bernardino-lopez-a-los-84-anos\/","title":{"rendered":"Falleci\u00f3 Teodoro Bernardino L\u00f3pez, a los 84 a\u00f1os"},"content":{"rendered":"<!-- VideographyWP Plugin Message: Automatic video embedding prevented by plugin options. -->\n\n<p>El vecino Teodoro Bernardino L\u00f3pez falleci\u00f3 a los 84 a\u00f1os. Sus restos son velados en sala 3 y el servicio se extender\u00e1 hasta la ma\u00f1ana de este lunes.<\/p>\n\n\n\n<p>Este lunes <strong>27 de abril de 2026<\/strong>, se conoci\u00f3 el fallecimiento de <strong>Teodoro Bernardino L\u00f3pez<\/strong>, quien ten\u00eda <strong>84 a\u00f1os<\/strong>. Sus restos son velados en la <strong>sala velatoria N\u00b0 3<\/strong>, ubicada en <strong>3 de Febrero 1475<\/strong>, con servicio previsto <strong>hasta las 10:00 horas<\/strong>.<\/p>\n\n\n\n<p>El servicio f\u00fanebre es prestado por <strong>Coopser Servicios Sociales<\/strong>, acompa\u00f1ando a familiares y allegados en este momento.<\/p>\n\n\n\n<p>#Necrol\u00f3gicas #Fallecimiento #QEPD #Coopser #ServiciosSociales #SanPedro #NoticiasLocales<\/p>\n","protected":false},"excerpt":{"rendered":"<p>El vecino Teodoro Bernardino L\u00f3pez falleci\u00f3 a los 84 a\u00f1os. Sus restos son velados en sala 3 y el servicio se extender\u00e1 hasta la ma\u00f1ana de este lunes. Este lunes 27 de abril de 2026, se conoci\u00f3 el fallecimiento de Teodoro Bernardino L\u00f3pez, quien ten\u00eda 84 a\u00f1os. Sus restos son velados en la sala velatoria [&hellip;]<\/p>\n","protected":false},"author":4,"featured_media":113757,"comment_status":"closed","ping_status":"closed","sticky":false,"template":"","format":"standard","meta":{"om_disable_all_campaigns":false,"_jetpack_memberships_contains_paid_content":false,"footnotes":""},"categories":[8424],"tags":[8315,5113,1667,7895,3785,7398,19,10396],"class_list":["post-150209","post","type-post","status-publish","format-standard","has-post-thumbnail","hentry","category-necrologicas","tag-3-de-febrero-1475","tag-coopser-servicios-sociales","tag-fallecimiento","tag-necrologica","tag-noticias-locales","tag-sala-velatoria-3","tag-san-pedro","tag-teodoro-bernardino-lopez"],"aioseo_notices":[],"gutentor_comment":0,"jetpack_featured_media_url":"https:\/\/eldiariodesanpedro.com.ar\/sitio\/wp-content\/uploads\/2023\/01\/necrologicas.jpg","jetpack_shortlink":"https:\/\/wp.me\/p6RhLt-D4J","jetpack_sharing_enabled":true,"_links":{"self":[{"href":"https:\/\/eldiariodesanpedro.com.ar\/sitio\/wp-json\/wp\/v2\/posts\/150209","targetHints":{"allow":["GET"]}}],"collection":[{"href":"https:\/\/eldiariodesanpedro.com.ar\/sitio\/wp-json\/wp\/v2\/posts"}],"about":[{"href":"https:\/\/eldiariodesanpedro.com.ar\/sitio\/wp-json\/wp\/v2\/types\/post"}],"author":[{"embeddable":true,"href":"https:\/\/eldiariodesanpedro.com.ar\/sitio\/wp-json\/wp\/v2\/users\/4"}],"replies":[{"embeddable":true,"href":"https:\/\/eldiariodesanpedro.com.ar\/sitio\/wp-json\/wp\/v2\/comments?post=150209"}],"version-history":[{"count":1,"href":"https:\/\/eldiariodesanpedro.com.ar\/sitio\/wp-json\/wp\/v2\/posts\/150209\/revisions"}],"predecessor-version":[{"id":150210,"href":"https:\/\/eldiariodesanpedro.com.ar\/sitio\/wp-json\/wp\/v2\/posts\/150209\/revisions\/150210"}],"wp:featuredmedia":[{"embeddable":true,"href":"https:\/\/eldiariodesanpedro.com.ar\/sitio\/wp-json\/wp\/v2\/media\/113757"}],"wp:attachment":[{"href":"https:\/\/eldiariodesanpedro.com.ar\/sitio\/wp-json\/wp\/v2\/media?parent=150209"}],"wp:term":[{"taxonomy":"category","embeddable":true,"href":"https:\/\/eldiariodesanpedro.com.ar\/sitio\/wp-json\/wp\/v2\/categories?post=150209"},{"taxonomy":"post_tag","embeddable":true,"href":"https:\/\/eldiariodesanpedro.com.ar\/sitio\/wp-json\/wp\/v2\/tags?post=150209"}],"curies":[{"name":"wp","href":"https:\/\/api.w.org\/{rel}","templated":true}]}}