{"id":150207,"date":"2026-04-27T09:27:16","date_gmt":"2026-04-27T12:27:16","guid":{"rendered":"https:\/\/eldiariodesanpedro.com.ar\/sitio\/?p=150207"},"modified":"2026-04-27T09:27:20","modified_gmt":"2026-04-27T12:27:20","slug":"fallecio-luis-ricardo-basante-68-anos","status":"publish","type":"post","link":"https:\/\/eldiariodesanpedro.com.ar\/sitio\/fallecio-luis-ricardo-basante-68-anos\/","title":{"rendered":"Falleci\u00f3 Luis Ricardo Basante, 68 a\u00f1os"},"content":{"rendered":"<!-- VideographyWP Plugin Message: Automatic video embedding prevented by plugin options. -->\n\n<p>El vecino Luis Ricardo Basante falleci\u00f3 a los 68 a\u00f1os. Sus restos son velados en sala 4 y el servicio finaliza este 27 de abril a las 11:00.<\/p>\n\n\n\n<p>Se inform\u00f3 el fallecimiento de <strong>Luis Ricardo Basante<\/strong>, quien muri\u00f3 a la edad de <strong>68 a\u00f1os<\/strong>. Sus restos son velados en la <strong>Sala N\u00b0 4<\/strong>, ubicada en <strong>3 de Febrero 1475<\/strong>, donde familiares y allegados le brindan el \u00faltimo adi\u00f3s.<\/p>\n\n\n\n<p>El <strong>servicio velatorio<\/strong> se desarrollar\u00e1 hasta las <strong>11:00 horas del 27 de abril de 2026<\/strong>, momento en que se dar\u00e1 por finalizado el acompa\u00f1amiento.<\/p>\n\n\n\n<p>El servicio es prestado por <strong>Coopser Servicios Sociales<\/strong>, a cargo de la organizaci\u00f3n y asistencia en este tipo de ceremonias.<\/p>\n\n\n\n<p>#Necrologicas #Fallecimiento #LuisRicardoBasante #Coopser #ServiciosSociales<\/p>\n","protected":false},"excerpt":{"rendered":"<p>El vecino Luis Ricardo Basante falleci\u00f3 a los 68 a\u00f1os. Sus restos son velados en sala 4 y el servicio finaliza este 27 de abril a las 11:00. Se inform\u00f3 el fallecimiento de Luis Ricardo Basante, quien muri\u00f3 a la edad de 68 a\u00f1os. Sus restos son velados en la Sala N\u00b0 4, ubicada en [&hellip;]<\/p>\n","protected":false},"author":4,"featured_media":113757,"comment_status":"closed","ping_status":"closed","sticky":false,"template":"","format":"standard","meta":{"om_disable_all_campaigns":false,"_jetpack_memberships_contains_paid_content":false,"footnotes":""},"categories":[8424],"tags":[10395,5113,1667,10394,7895,6885,6698],"class_list":["post-150207","post","type-post","status-publish","format-standard","has-post-thumbnail","hentry","category-necrologicas","tag-27-de-abril-2026","tag-coopser-servicios-sociales","tag-fallecimiento","tag-luis-ricardo-basante","tag-necrologica","tag-sala-velatoria","tag-servicios-funebres"],"aioseo_notices":[],"gutentor_comment":0,"jetpack_featured_media_url":"https:\/\/eldiariodesanpedro.com.ar\/sitio\/wp-content\/uploads\/2023\/01\/necrologicas.jpg","jetpack_shortlink":"https:\/\/wp.me\/p6RhLt-D4H","jetpack_sharing_enabled":true,"_links":{"self":[{"href":"https:\/\/eldiariodesanpedro.com.ar\/sitio\/wp-json\/wp\/v2\/posts\/150207","targetHints":{"allow":["GET"]}}],"collection":[{"href":"https:\/\/eldiariodesanpedro.com.ar\/sitio\/wp-json\/wp\/v2\/posts"}],"about":[{"href":"https:\/\/eldiariodesanpedro.com.ar\/sitio\/wp-json\/wp\/v2\/types\/post"}],"author":[{"embeddable":true,"href":"https:\/\/eldiariodesanpedro.com.ar\/sitio\/wp-json\/wp\/v2\/users\/4"}],"replies":[{"embeddable":true,"href":"https:\/\/eldiariodesanpedro.com.ar\/sitio\/wp-json\/wp\/v2\/comments?post=150207"}],"version-history":[{"count":1,"href":"https:\/\/eldiariodesanpedro.com.ar\/sitio\/wp-json\/wp\/v2\/posts\/150207\/revisions"}],"predecessor-version":[{"id":150208,"href":"https:\/\/eldiariodesanpedro.com.ar\/sitio\/wp-json\/wp\/v2\/posts\/150207\/revisions\/150208"}],"wp:featuredmedia":[{"embeddable":true,"href":"https:\/\/eldiariodesanpedro.com.ar\/sitio\/wp-json\/wp\/v2\/media\/113757"}],"wp:attachment":[{"href":"https:\/\/eldiariodesanpedro.com.ar\/sitio\/wp-json\/wp\/v2\/media?parent=150207"}],"wp:term":[{"taxonomy":"category","embeddable":true,"href":"https:\/\/eldiariodesanpedro.com.ar\/sitio\/wp-json\/wp\/v2\/categories?post=150207"},{"taxonomy":"post_tag","embeddable":true,"href":"https:\/\/eldiariodesanpedro.com.ar\/sitio\/wp-json\/wp\/v2\/tags?post=150207"}],"curies":[{"name":"wp","href":"https:\/\/api.w.org\/{rel}","templated":true}]}}