{"id":150205,"date":"2026-04-27T09:19:51","date_gmt":"2026-04-27T12:19:51","guid":{"rendered":"https:\/\/eldiariodesanpedro.com.ar\/sitio\/?p=150205"},"modified":"2026-04-27T09:20:03","modified_gmt":"2026-04-27T12:20:03","slug":"fallecio-ana-maria-laserna-83-anos","status":"publish","type":"post","link":"https:\/\/eldiariodesanpedro.com.ar\/sitio\/fallecio-ana-maria-laserna-83-anos\/","title":{"rendered":"Falleci\u00f3 Ana Mar\u00eda Laserna, 83 a\u00f1os"},"content":{"rendered":"<!-- VideographyWP Plugin Message: Automatic video embedding prevented by plugin options. -->\n\n<p><strong>Sus restos son velados en sala 2 y el servicio se extender\u00e1 hasta la ma\u00f1ana del 26 de abril.<\/strong><\/p>\n\n\n\n<p>Se inform\u00f3 el fallecimiento de <strong>Ana Mar\u00eda Laserna<\/strong>, a los <strong>83 a\u00f1os de edad<\/strong>, seg\u00fan datos brindados por el servicio funerario.<\/p>\n\n\n\n<p>Sus restos son velados en la <strong>sala velatoria N\u00b0 2<\/strong>, ubicada en <strong>3 de Febrero 1475<\/strong>, donde se llevar\u00e1 a cabo el servicio hasta las <strong>11:30 horas del 26 de abril de 2026<\/strong>.<\/p>\n\n\n\n<p>El servicio est\u00e1 a cargo de <strong>Coopser Servicios Sociales<\/strong>, entidad responsable de la organizaci\u00f3n de las exequias.<\/p>\n\n\n\n<p>#Necrol\u00f3gicas #Fallecimiento #ServiciosSociales #Coopser #AnaMar\u00edaLaserna #Informaci\u00f3nLocal<\/p>\n","protected":false},"excerpt":{"rendered":"<p>Sus restos son velados en sala 2 y el servicio se extender\u00e1 hasta la ma\u00f1ana del 26 de abril. Se inform\u00f3 el fallecimiento de Ana Mar\u00eda Laserna, a los 83 a\u00f1os de edad, seg\u00fan datos brindados por el servicio funerario. Sus restos son velados en la sala velatoria N\u00b0 2, ubicada en 3 de Febrero [&hellip;]<\/p>\n","protected":false},"author":4,"featured_media":113757,"comment_status":"closed","ping_status":"closed","sticky":false,"template":"","format":"standard","meta":{"om_disable_all_campaigns":false,"_jetpack_memberships_contains_paid_content":false,"footnotes":""},"categories":[8424],"tags":[10391,8429,5113,10392,10390,5629,10393],"class_list":["post-150205","post","type-post","status-publish","format-standard","has-post-thumbnail","hentry","category-necrologicas","tag-ana-maria-laserna-fallecimiento","tag-avisos-funebres","tag-coopser-servicios-sociales","tag-defunciones-locales","tag-necrologica-83-anos","tag-sala-velatoria-san-pedro","tag-velatorio-3-de-febrero-1475"],"aioseo_notices":[],"gutentor_comment":0,"jetpack_featured_media_url":"https:\/\/eldiariodesanpedro.com.ar\/sitio\/wp-content\/uploads\/2023\/01\/necrologicas.jpg","jetpack_shortlink":"https:\/\/wp.me\/p6RhLt-D4F","jetpack_sharing_enabled":true,"_links":{"self":[{"href":"https:\/\/eldiariodesanpedro.com.ar\/sitio\/wp-json\/wp\/v2\/posts\/150205","targetHints":{"allow":["GET"]}}],"collection":[{"href":"https:\/\/eldiariodesanpedro.com.ar\/sitio\/wp-json\/wp\/v2\/posts"}],"about":[{"href":"https:\/\/eldiariodesanpedro.com.ar\/sitio\/wp-json\/wp\/v2\/types\/post"}],"author":[{"embeddable":true,"href":"https:\/\/eldiariodesanpedro.com.ar\/sitio\/wp-json\/wp\/v2\/users\/4"}],"replies":[{"embeddable":true,"href":"https:\/\/eldiariodesanpedro.com.ar\/sitio\/wp-json\/wp\/v2\/comments?post=150205"}],"version-history":[{"count":1,"href":"https:\/\/eldiariodesanpedro.com.ar\/sitio\/wp-json\/wp\/v2\/posts\/150205\/revisions"}],"predecessor-version":[{"id":150206,"href":"https:\/\/eldiariodesanpedro.com.ar\/sitio\/wp-json\/wp\/v2\/posts\/150205\/revisions\/150206"}],"wp:featuredmedia":[{"embeddable":true,"href":"https:\/\/eldiariodesanpedro.com.ar\/sitio\/wp-json\/wp\/v2\/media\/113757"}],"wp:attachment":[{"href":"https:\/\/eldiariodesanpedro.com.ar\/sitio\/wp-json\/wp\/v2\/media?parent=150205"}],"wp:term":[{"taxonomy":"category","embeddable":true,"href":"https:\/\/eldiariodesanpedro.com.ar\/sitio\/wp-json\/wp\/v2\/categories?post=150205"},{"taxonomy":"post_tag","embeddable":true,"href":"https:\/\/eldiariodesanpedro.com.ar\/sitio\/wp-json\/wp\/v2\/tags?post=150205"}],"curies":[{"name":"wp","href":"https:\/\/api.w.org\/{rel}","templated":true}]}}