{"id":150202,"date":"2026-04-25T11:48:28","date_gmt":"2026-04-25T14:48:28","guid":{"rendered":"https:\/\/eldiariodesanpedro.com.ar\/sitio\/?p=150202"},"modified":"2026-04-25T11:48:34","modified_gmt":"2026-04-25T14:48:34","slug":"colision-entre-motocicleta-y-bicicleta-dejo-una-mujer-hospitalizada","status":"publish","type":"post","link":"https:\/\/eldiariodesanpedro.com.ar\/sitio\/colision-entre-motocicleta-y-bicicleta-dejo-una-mujer-hospitalizada\/","title":{"rendered":"Colisi\u00f3n entre motocicleta y bicicleta dej\u00f3 una mujer hospitalizada"},"content":{"rendered":"<!-- VideographyWP Plugin Message: Automatic video embedding prevented by plugin options. -->\n\n<p>Un siniestro vial entre una moto y una bicicleta dej\u00f3 como saldo una mujer trasladada al hospital. Investigan las circunstancias del hecho.<\/p>\n\n\n\n<p>El hecho ocurri\u00f3 en <strong>calle R\u00f3mulo Na\u00f3n al 1200<\/strong>, donde por causas que a\u00fan se intentan establecer colisionaron <strong>una motocicleta conducida por un menor de 16 a\u00f1os y una bicicleta guiada por una mujer<\/strong>.<\/p>\n\n\n\n<p>Como consecuencia del impacto, <strong>la ciclista debi\u00f3 ser trasladada al nosocomio local<\/strong> para su atenci\u00f3n m\u00e9dica, sin que hasta el momento trascendiera la gravedad de las lesiones.<\/p>\n\n\n\n<p>En relaci\u00f3n al episodio, se iniciaron <strong>actuaciones por lesiones culposas<\/strong>, con intervenci\u00f3n de la <strong>UFI del Joven<\/strong>, que qued\u00f3 a cargo de la investigaci\u00f3n para determinar las responsabilidades correspondientes.<\/p>\n\n\n\n<p>#AccidenteDeTr\u00e1nsito #LesionesCulposas #Motocicleta #Bicicleta #SeguridadVial #Policiales<\/p>\n","protected":false},"excerpt":{"rendered":"<p>Un siniestro vial entre una moto y una bicicleta dej\u00f3 como saldo una mujer trasladada al hospital. Investigan las circunstancias del hecho. El hecho ocurri\u00f3 en calle R\u00f3mulo Na\u00f3n al 1200, donde por causas que a\u00fan se intentan establecer colisionaron una motocicleta conducida por un menor de 16 a\u00f1os y una bicicleta guiada por una [&hellip;]<\/p>\n","protected":false},"author":4,"featured_media":150203,"comment_status":"closed","ping_status":"closed","sticky":false,"template":"","format":"standard","meta":{"om_disable_all_campaigns":false,"_jetpack_memberships_contains_paid_content":false,"footnotes":""},"categories":[2,103],"tags":[3612,10389,8242,5404,10388,986,5417,8678],"class_list":["post-150202","post","type-post","status-publish","format-standard","has-post-thumbnail","hentry","category-locales","category-policiales-locales","tag-accidente-de-transito-2","tag-choque-moto-bicicleta","tag-hospital-local","tag-lesiones-culposas","tag-menor-de-edad-motociclista","tag-mujer-herida","tag-siniestro-vial","tag-ufi-del-joven"],"aioseo_notices":[],"gutentor_comment":0,"jetpack_featured_media_url":"https:\/\/eldiariodesanpedro.com.ar\/sitio\/wp-content\/uploads\/2026\/04\/motocicleta.jpg","jetpack_shortlink":"https:\/\/wp.me\/p6RhLt-D4C","jetpack_sharing_enabled":true,"_links":{"self":[{"href":"https:\/\/eldiariodesanpedro.com.ar\/sitio\/wp-json\/wp\/v2\/posts\/150202","targetHints":{"allow":["GET"]}}],"collection":[{"href":"https:\/\/eldiariodesanpedro.com.ar\/sitio\/wp-json\/wp\/v2\/posts"}],"about":[{"href":"https:\/\/eldiariodesanpedro.com.ar\/sitio\/wp-json\/wp\/v2\/types\/post"}],"author":[{"embeddable":true,"href":"https:\/\/eldiariodesanpedro.com.ar\/sitio\/wp-json\/wp\/v2\/users\/4"}],"replies":[{"embeddable":true,"href":"https:\/\/eldiariodesanpedro.com.ar\/sitio\/wp-json\/wp\/v2\/comments?post=150202"}],"version-history":[{"count":1,"href":"https:\/\/eldiariodesanpedro.com.ar\/sitio\/wp-json\/wp\/v2\/posts\/150202\/revisions"}],"predecessor-version":[{"id":150204,"href":"https:\/\/eldiariodesanpedro.com.ar\/sitio\/wp-json\/wp\/v2\/posts\/150202\/revisions\/150204"}],"wp:featuredmedia":[{"embeddable":true,"href":"https:\/\/eldiariodesanpedro.com.ar\/sitio\/wp-json\/wp\/v2\/media\/150203"}],"wp:attachment":[{"href":"https:\/\/eldiariodesanpedro.com.ar\/sitio\/wp-json\/wp\/v2\/media?parent=150202"}],"wp:term":[{"taxonomy":"category","embeddable":true,"href":"https:\/\/eldiariodesanpedro.com.ar\/sitio\/wp-json\/wp\/v2\/categories?post=150202"},{"taxonomy":"post_tag","embeddable":true,"href":"https:\/\/eldiariodesanpedro.com.ar\/sitio\/wp-json\/wp\/v2\/tags?post=150202"}],"curies":[{"name":"wp","href":"https:\/\/api.w.org\/{rel}","templated":true}]}}