{"id":150199,"date":"2026-04-25T11:33:30","date_gmt":"2026-04-25T14:33:30","guid":{"rendered":"https:\/\/eldiariodesanpedro.com.ar\/sitio\/?p=150199"},"modified":"2026-04-25T11:33:35","modified_gmt":"2026-04-25T14:33:35","slug":"aprehenden-a-varios-hombres-en-distintos-operativos-policiales","status":"publish","type":"post","link":"https:\/\/eldiariodesanpedro.com.ar\/sitio\/aprehenden-a-varios-hombres-en-distintos-operativos-policiales\/","title":{"rendered":"Aprehenden a varios hombres en distintos operativos policiales"},"content":{"rendered":"<!-- VideographyWP Plugin Message: Automatic video embedding prevented by plugin options. -->\n\n<p><strong>Durante una serie de intervenciones realizadas en distintos puntos de la ciudad, la polic\u00eda aprehendi\u00f3 a cuatro personas por diferentes infracciones y pedidos judiciales.<\/strong><\/p>\n\n\n\n<p>En el marco de operativos desarrollados durante la jornada del jueves, personal policial llev\u00f3 adelante <strong>diversas aprehensiones en distintos sectores de la ciudad<\/strong>, vinculadas tanto a pedidos de captura vigentes como a infracciones en la v\u00eda p\u00fablica.<\/p>\n\n\n\n<p>Uno de los procedimientos tuvo lugar en la intersecci\u00f3n de <strong>Fray Cayetano Rodr\u00edguez y Las Provincias<\/strong>, donde fue detenido un <strong>hombre de 26 a\u00f1os<\/strong> que registraba un <strong>pedido de captura activa por el delito de amenazas agravadas<\/strong>, con intervenci\u00f3n de la <strong>UFI del Joven N\u00b0 1 de San Nicol\u00e1s<\/strong>. Tras cumplirse las actuaciones correspondientes, el sujeto recuper\u00f3 la libertad.<\/p>\n\n\n\n<p>En otro operativo, realizado en <strong>Caseros y Nuestra Se\u00f1ora del Socorro<\/strong>, efectivos aprehendieron a un <strong>hombre de 37 a\u00f1os<\/strong> que presentaba una <strong>captura activa por averiguaci\u00f3n de paradero<\/strong>, con intervenci\u00f3n de la <strong>UFI N\u00b0 3 de Quilmes<\/strong>. La autoridad judicial dispuso la <strong>notificaci\u00f3n de comparendo y posterior libertad<\/strong>.<\/p>\n\n\n\n<p>Por otra parte, en calle <strong>M. Sbert y Auli<\/strong>, un <strong>joven de 26 a\u00f1os<\/strong> fue aprehendido por <strong>portar un arma blanca en la v\u00eda p\u00fablica<\/strong>, en infracci\u00f3n a la <strong>Ley 8031\/73, art\u00edculo 83<\/strong>. Intervino el <strong>Juzgado de Paz local<\/strong>, que orden\u00f3 la notificaci\u00f3n de la causa y su liberaci\u00f3n.<\/p>\n\n\n\n<p>Finalmente, en la intersecci\u00f3n de <strong>11 de Septiembre y G\u00fcemes<\/strong>, un <strong>hombre de 21 a\u00f1os<\/strong> fue detenido por <strong>provocar disturbios en la v\u00eda p\u00fablica<\/strong>, en infracci\u00f3n a la <strong>Ley 8031\/73, art\u00edculo 74<\/strong>. Tambi\u00e9n en este caso intervino el <strong>Juzgado de Paz<\/strong>, que dispuso su notificaci\u00f3n y posterior libertad.<\/p>\n\n\n\n<p>Todos los procedimientos se desarrollaron en el marco de controles y recorridas preventivas llevadas adelante por la polic\u00eda en distintos sectores de la ciudad.<\/p>\n\n\n\n<p>#Policiales #Aprehensi\u00f3n #OperativosPoliciales #Seguridad #Ley8031 #CapturaActiva #SanNicol\u00e1s #Quilmes<\/p>\n","protected":false},"excerpt":{"rendered":"<p>Durante una serie de intervenciones realizadas en distintos puntos de la ciudad, la polic\u00eda aprehendi\u00f3 a cuatro personas por diferentes infracciones y pedidos judiciales. En el marco de operativos desarrollados durante la jornada del jueves, personal policial llev\u00f3 adelante diversas aprehensiones en distintos sectores de la ciudad, vinculadas tanto a pedidos de captura vigentes como [&hellip;]<\/p>\n","protected":false},"author":4,"featured_media":150200,"comment_status":"closed","ping_status":"closed","sticky":false,"template":"","format":"standard","meta":{"om_disable_all_campaigns":false,"_jetpack_memberships_contains_paid_content":false,"footnotes":""},"categories":[50,2,103],"tags":[10383,918,8125,10384,7834,10387,10386,10385],"class_list":["post-150199","post","type-post","status-publish","format-standard","has-post-thumbnail","hentry","category-destacadas","category-locales","category-policiales-locales","tag-aprehensiones-policiales","tag-arma-blanca","tag-averiguacion-de-paradero","tag-captura-activa-amenazas-agravadas","tag-disturbios-via-publica","tag-intervencion-ufi-san-nicolas-quilmes","tag-ley-8031-articulo-83","tag-operativos-policiales-ciudad"],"aioseo_notices":[],"gutentor_comment":0,"jetpack_featured_media_url":"https:\/\/eldiariodesanpedro.com.ar\/sitio\/wp-content\/uploads\/2026\/04\/medida-3-2.jpg","jetpack_shortlink":"https:\/\/wp.me\/p6RhLt-D4z","jetpack_sharing_enabled":true,"_links":{"self":[{"href":"https:\/\/eldiariodesanpedro.com.ar\/sitio\/wp-json\/wp\/v2\/posts\/150199","targetHints":{"allow":["GET"]}}],"collection":[{"href":"https:\/\/eldiariodesanpedro.com.ar\/sitio\/wp-json\/wp\/v2\/posts"}],"about":[{"href":"https:\/\/eldiariodesanpedro.com.ar\/sitio\/wp-json\/wp\/v2\/types\/post"}],"author":[{"embeddable":true,"href":"https:\/\/eldiariodesanpedro.com.ar\/sitio\/wp-json\/wp\/v2\/users\/4"}],"replies":[{"embeddable":true,"href":"https:\/\/eldiariodesanpedro.com.ar\/sitio\/wp-json\/wp\/v2\/comments?post=150199"}],"version-history":[{"count":1,"href":"https:\/\/eldiariodesanpedro.com.ar\/sitio\/wp-json\/wp\/v2\/posts\/150199\/revisions"}],"predecessor-version":[{"id":150201,"href":"https:\/\/eldiariodesanpedro.com.ar\/sitio\/wp-json\/wp\/v2\/posts\/150199\/revisions\/150201"}],"wp:featuredmedia":[{"embeddable":true,"href":"https:\/\/eldiariodesanpedro.com.ar\/sitio\/wp-json\/wp\/v2\/media\/150200"}],"wp:attachment":[{"href":"https:\/\/eldiariodesanpedro.com.ar\/sitio\/wp-json\/wp\/v2\/media?parent=150199"}],"wp:term":[{"taxonomy":"category","embeddable":true,"href":"https:\/\/eldiariodesanpedro.com.ar\/sitio\/wp-json\/wp\/v2\/categories?post=150199"},{"taxonomy":"post_tag","embeddable":true,"href":"https:\/\/eldiariodesanpedro.com.ar\/sitio\/wp-json\/wp\/v2\/tags?post=150199"}],"curies":[{"name":"wp","href":"https:\/\/api.w.org\/{rel}","templated":true}]}}