{"id":150197,"date":"2026-04-24T18:30:33","date_gmt":"2026-04-24T21:30:33","guid":{"rendered":"https:\/\/eldiariodesanpedro.com.ar\/sitio\/?p=150197"},"modified":"2026-04-24T18:30:38","modified_gmt":"2026-04-24T21:30:38","slug":"bomberos-voluntarios-renovaron-su-comision-directiva-para-el-periodo-2026","status":"publish","type":"post","link":"https:\/\/eldiariodesanpedro.com.ar\/sitio\/bomberos-voluntarios-renovaron-su-comision-directiva-para-el-periodo-2026\/","title":{"rendered":"Bomberos voluntarios renovaron su comisi\u00f3n directiva para el per\u00edodo 2026"},"content":{"rendered":"<!-- VideographyWP Plugin Message: Automatic video embedding prevented by plugin options. -->\n\n<p>El cuerpo de Bomberos Voluntarios present\u00f3 su nueva conducci\u00f3n, integrada por vecinos que asumir\u00e1n funciones clave de gesti\u00f3n y administraci\u00f3n.<\/p>\n\n\n\n<p>El cuerpo de Bomberos Voluntarios dio a conocer la <strong>renovaci\u00f3n de su comisi\u00f3n directiva para el per\u00edodo 2026<\/strong>, destacando el rol fundamental que cumple este grupo en el sostenimiento institucional del cuartel.<\/p>\n\n\n\n<p>Desde la instituci\u00f3n se\u00f1alaron que el Consejo Directivo est\u00e1 conformado por <strong>vecinos que trabajan de manera ad honorem<\/strong>, asumiendo la responsabilidad de <strong>administrar recursos, impulsar proyectos y garantizar el funcionamiento operativo del cuartel<\/strong>. Su tarea resulta esencial para acompa\u00f1ar el trabajo diario del cuerpo activo, tanto en intervenciones como en el desarrollo de mejoras edilicias y de equipamiento.<\/p>\n\n\n\n<p>En este marco, se inform\u00f3 que la nueva comisi\u00f3n qued\u00f3 integrada de la siguiente manera: <strong>Roberto Eduardo Dlapa como presidente<\/strong>, <strong>Aldo Marcelo Penduzzu como vicepresidente<\/strong>, <strong>Mauro Rasio como secretario general<\/strong>, <strong>Stella Soler como secretaria de actas<\/strong>, <strong>Mariana Millet como secretaria de finanzas<\/strong> y <strong>Horacio Correa como secretario de recaudaci\u00f3n<\/strong>.<\/p>\n\n\n\n<p>Adem\u00e1s, fueron designados como <strong>consejeros titulares Carlos Daniel Vallejos y M\u00f3nica Epelde<\/strong>, mientras que los cargos de <strong>consejeros suplentes<\/strong> estar\u00e1n ocupados por <strong>Paula Alejandra Salame, Magdalena Millet, Oscar Torres y Karina Paola Rossi<\/strong>.<\/p>\n\n\n\n<p>En tanto, la funci\u00f3n de control qued\u00f3 a cargo de los <strong>revisores de cuentas titulares Luciano Maes, Ra\u00fal Horacio Manchone y Karen Saucedo<\/strong>, acompa\u00f1ados por los <strong>suplentes Fabi\u00e1n Pezzelato y H\u00e9ctor Oscar Gerini<\/strong>.<\/p>\n\n\n\n<p>Desde la entidad remarcaron que el respaldo de la comisi\u00f3n directiva constituye un pilar clave para que el cuerpo activo pueda cumplir con su labor, asegurando la disponibilidad de recursos y el acompa\u00f1amiento necesario en cada intervenci\u00f3n.<\/p>\n\n\n\n<p>#BomberosVoluntarios #Comisi\u00f3nDirectiva #Instituciones #Gesti\u00f3n #ServicioALaComunidad #Bomberos #Voluntariado<\/p>\n","protected":false},"excerpt":{"rendered":"<p>El cuerpo de Bomberos Voluntarios present\u00f3 su nueva conducci\u00f3n, integrada por vecinos que asumir\u00e1n funciones clave de gesti\u00f3n y administraci\u00f3n. El cuerpo de Bomberos Voluntarios dio a conocer la renovaci\u00f3n de su comisi\u00f3n directiva para el per\u00edodo 2026, destacando el rol fundamental que cumple este grupo en el sostenimiento institucional del cuartel. Desde la instituci\u00f3n [&hellip;]<\/p>\n","protected":false},"author":4,"featured_media":18229,"comment_status":"closed","ping_status":"closed","sticky":false,"template":"","format":"standard","meta":{"om_disable_all_campaigns":false,"_jetpack_memberships_contains_paid_content":false,"footnotes":""},"categories":[101,2],"tags":[10381,10377,10380,10379,10378,10382],"class_list":["post-150197","post","type-post","status-publish","format-standard","has-post-thumbnail","hentry","category-interes-general-locales","category-locales","tag-autoridades-bomberos-voluntarios","tag-bomberos-voluntarios-comision-directiva-2026","tag-consejo-directivo-bomberos","tag-gestion-cuartel-bomberos","tag-institucion-bomberos-voluntarios","tag-renovacion-autoridades-bomberos"],"aioseo_notices":[],"gutentor_comment":0,"jetpack_featured_media_url":"https:\/\/eldiariodesanpedro.com.ar\/sitio\/wp-content\/uploads\/2017\/05\/bomberos-san-pedro-3.jpg","jetpack_shortlink":"https:\/\/wp.me\/p6RhLt-D4x","jetpack_sharing_enabled":true,"_links":{"self":[{"href":"https:\/\/eldiariodesanpedro.com.ar\/sitio\/wp-json\/wp\/v2\/posts\/150197","targetHints":{"allow":["GET"]}}],"collection":[{"href":"https:\/\/eldiariodesanpedro.com.ar\/sitio\/wp-json\/wp\/v2\/posts"}],"about":[{"href":"https:\/\/eldiariodesanpedro.com.ar\/sitio\/wp-json\/wp\/v2\/types\/post"}],"author":[{"embeddable":true,"href":"https:\/\/eldiariodesanpedro.com.ar\/sitio\/wp-json\/wp\/v2\/users\/4"}],"replies":[{"embeddable":true,"href":"https:\/\/eldiariodesanpedro.com.ar\/sitio\/wp-json\/wp\/v2\/comments?post=150197"}],"version-history":[{"count":1,"href":"https:\/\/eldiariodesanpedro.com.ar\/sitio\/wp-json\/wp\/v2\/posts\/150197\/revisions"}],"predecessor-version":[{"id":150198,"href":"https:\/\/eldiariodesanpedro.com.ar\/sitio\/wp-json\/wp\/v2\/posts\/150197\/revisions\/150198"}],"wp:featuredmedia":[{"embeddable":true,"href":"https:\/\/eldiariodesanpedro.com.ar\/sitio\/wp-json\/wp\/v2\/media\/18229"}],"wp:attachment":[{"href":"https:\/\/eldiariodesanpedro.com.ar\/sitio\/wp-json\/wp\/v2\/media?parent=150197"}],"wp:term":[{"taxonomy":"category","embeddable":true,"href":"https:\/\/eldiariodesanpedro.com.ar\/sitio\/wp-json\/wp\/v2\/categories?post=150197"},{"taxonomy":"post_tag","embeddable":true,"href":"https:\/\/eldiariodesanpedro.com.ar\/sitio\/wp-json\/wp\/v2\/tags?post=150197"}],"curies":[{"name":"wp","href":"https:\/\/api.w.org\/{rel}","templated":true}]}}