{"id":150194,"date":"2026-04-24T18:14:45","date_gmt":"2026-04-24T21:14:45","guid":{"rendered":"https:\/\/eldiariodesanpedro.com.ar\/sitio\/?p=150194"},"modified":"2026-04-24T18:14:50","modified_gmt":"2026-04-24T21:14:50","slug":"avanzan-gestiones-para-ampliar-pasantias-en-empresas-locales","status":"publish","type":"post","link":"https:\/\/eldiariodesanpedro.com.ar\/sitio\/avanzan-gestiones-para-ampliar-pasantias-en-empresas-locales\/","title":{"rendered":"Avanzan gestiones para ampliar pasant\u00edas en empresas locales"},"content":{"rendered":"<!-- VideographyWP Plugin Message: Automatic video embedding prevented by plugin options. -->\n\n<p><em>Autoridades educativas y representantes del sector comercial impulsan la incorporaci\u00f3n de m\u00e1s firmas al programa de pr\u00e1cticas formativas.<\/em><\/p>\n\n\n\n<p>Se realiz\u00f3 una reuni\u00f3n de trabajo con el objetivo de <strong>fortalecer y ampliar el sistema de pasant\u00edas para estudiantes del \u00faltimo a\u00f1o de escuelas secundarias<\/strong>, mediante la incorporaci\u00f3n de m\u00e1s empresas al programa.<\/p>\n\n\n\n<p>Del encuentro participaron <strong>Daniel Churruarin y Karina Cnokaert<\/strong>, en representaci\u00f3n del <strong>Centro de Comercio<\/strong>, junto a la <strong>Inspectora Jefe Distrital Lorena L\u00f3pez<\/strong> y el <strong>Secretario Coordinador de la mesa COPRET, Jorge Mart\u00ednez<\/strong>. La iniciativa da continuidad a la experiencia implementada el a\u00f1o pasado, en la que alumnos realizaron pr\u00e1cticas dentro de distintas instituciones.<\/p>\n\n\n\n<p>La propuesta se desarrolla en el marco del <strong>Consejo Provincial de Educaci\u00f3n y Trabajo (COPRET)<\/strong>, organismo dependiente de la <strong>Direcci\u00f3n General de Cultura y Educaci\u00f3n de la Provincia de Buenos Aires<\/strong>, cuya funci\u00f3n es articular el sistema educativo con el \u00e1mbito laboral.<\/p>\n\n\n\n<p>Durante la reuni\u00f3n se analizaron alternativas para <strong>sumar empresas del distrito como oferentes de pasant\u00edas<\/strong>, con el fin de que m\u00e1s estudiantes puedan acceder a <strong>experiencias formativas en contextos reales de trabajo<\/strong>.<\/p>\n\n\n\n<p>El programa contempla <strong>condiciones formativas actualizadas, cobertura de seguros y un marco regulador espec\u00edfico<\/strong>, lo que garantiza que las pr\u00e1cticas se desarrollen de manera segura y con valor educativo. De esta manera, se busca <strong>fortalecer el v\u00ednculo entre la educaci\u00f3n secundaria y el sector productivo local<\/strong>, facilitando la transici\u00f3n de los j\u00f3venes al mundo laboral.<\/p>\n\n\n\n<p>#Pasant\u00edas #Educaci\u00f3nYTrabajo #COPRET #EscuelasSecundarias #EmpresasLocales #Formaci\u00f3nLaboral #Juventud #Producci\u00f3n<\/p>\n","protected":false},"excerpt":{"rendered":"<p>Autoridades educativas y representantes del sector comercial impulsan la incorporaci\u00f3n de m\u00e1s firmas al programa de pr\u00e1cticas formativas. Se realiz\u00f3 una reuni\u00f3n de trabajo con el objetivo de fortalecer y ampliar el sistema de pasant\u00edas para estudiantes del \u00faltimo a\u00f1o de escuelas secundarias, mediante la incorporaci\u00f3n de m\u00e1s empresas al programa. Del encuentro participaron Daniel [&hellip;]<\/p>\n","protected":false},"author":4,"featured_media":150195,"comment_status":"closed","ping_status":"closed","sticky":false,"template":"","format":"standard","meta":{"om_disable_all_campaigns":false,"_jetpack_memberships_contains_paid_content":false,"footnotes":""},"categories":[101,2],"tags":[10373,10375,10376,10374,10372,10371],"class_list":["post-150194","post","type-post","status-publish","format-standard","has-post-thumbnail","hentry","category-interes-general-locales","category-locales","tag-copret-buenos-aires","tag-educacion-y-trabajo-argentina","tag-formacion-profesional-estudiantes","tag-insercion-laboral-jovenes","tag-pasantias-empresas-locales","tag-practicas-educativas-secundarias"],"aioseo_notices":[],"gutentor_comment":0,"jetpack_featured_media_url":"https:\/\/eldiariodesanpedro.com.ar\/sitio\/wp-content\/uploads\/2026\/04\/COPRET.jpeg","jetpack_shortlink":"https:\/\/wp.me\/p6RhLt-D4u","jetpack_sharing_enabled":true,"_links":{"self":[{"href":"https:\/\/eldiariodesanpedro.com.ar\/sitio\/wp-json\/wp\/v2\/posts\/150194","targetHints":{"allow":["GET"]}}],"collection":[{"href":"https:\/\/eldiariodesanpedro.com.ar\/sitio\/wp-json\/wp\/v2\/posts"}],"about":[{"href":"https:\/\/eldiariodesanpedro.com.ar\/sitio\/wp-json\/wp\/v2\/types\/post"}],"author":[{"embeddable":true,"href":"https:\/\/eldiariodesanpedro.com.ar\/sitio\/wp-json\/wp\/v2\/users\/4"}],"replies":[{"embeddable":true,"href":"https:\/\/eldiariodesanpedro.com.ar\/sitio\/wp-json\/wp\/v2\/comments?post=150194"}],"version-history":[{"count":1,"href":"https:\/\/eldiariodesanpedro.com.ar\/sitio\/wp-json\/wp\/v2\/posts\/150194\/revisions"}],"predecessor-version":[{"id":150196,"href":"https:\/\/eldiariodesanpedro.com.ar\/sitio\/wp-json\/wp\/v2\/posts\/150194\/revisions\/150196"}],"wp:featuredmedia":[{"embeddable":true,"href":"https:\/\/eldiariodesanpedro.com.ar\/sitio\/wp-json\/wp\/v2\/media\/150195"}],"wp:attachment":[{"href":"https:\/\/eldiariodesanpedro.com.ar\/sitio\/wp-json\/wp\/v2\/media?parent=150194"}],"wp:term":[{"taxonomy":"category","embeddable":true,"href":"https:\/\/eldiariodesanpedro.com.ar\/sitio\/wp-json\/wp\/v2\/categories?post=150194"},{"taxonomy":"post_tag","embeddable":true,"href":"https:\/\/eldiariodesanpedro.com.ar\/sitio\/wp-json\/wp\/v2\/tags?post=150194"}],"curies":[{"name":"wp","href":"https:\/\/api.w.org\/{rel}","templated":true}]}}