{"id":15016,"date":"2017-02-19T20:15:06","date_gmt":"2017-02-19T23:15:06","guid":{"rendered":"https:\/\/eldiariodesanpedro.com.ar\/sitio\/?p=15016"},"modified":"2026-01-23T23:14:33","modified_gmt":"2026-01-24T02:14:33","slug":"crece-la-tension-entre-el-gobierno-y-la-cgt-no-tienen-rumbo-y-creen-que-van-bien","status":"publish","type":"post","link":"https:\/\/eldiariodesanpedro.com.ar\/sitio\/crece-la-tension-entre-el-gobierno-y-la-cgt-no-tienen-rumbo-y-creen-que-van-bien\/","title":{"rendered":"Crece la tensi\u00f3n entre El Gobierno y la CGT: \u201cno tienen rumbo y creen que van bien\u201d"},"content":{"rendered":"<p><!-- VideographyWP Plugin Message: Automatic video embedding prevented by plugin options. --><br \/>\n(Infobae) &#8211; El secretario General de los Obreros y Empleados de Estaciones de Servicio, Carlos Acu\u00f1a, una de las cabezas del triunvirato que dirige la Confederaci\u00f3n General del Trabajo (CGT), insisti\u00f3 en el marco de una entrevista radial con que \u201cel Gobierno tiene un rumbo equivocado\u201d y vaticin\u00f3 \u201cun mes de marzo dificil\u00edsimo\u201d para los trabajadores.<\/p>\n<p>En las semanas previas a la movilizaci\u00f3n anunciada para el pr\u00f3ximo 7 de marzo y ante la posibilidad de un paro que seg\u00fan el referente de la CGT no tiene fecha pero \u201csigue en pie\u201d, Acu\u00f1a volvi\u00f3 a mostrarse cr\u00edtico con el Gobierno Nacional.<\/p>\n<p>\u201cYo creo que ellos tienen un rumbo equivocado y lo m\u00e1s jodido de todo eso es que ellos creen que van bien\u201d, sostuvo en relaci\u00f3n a las pol\u00edticas econ\u00f3micas de Mauricio Macri, y antes de considerar que tras los \u00faltimos aumentos \u201cse perdi\u00f3 totalmente la confianza en este Gobierno\u201d.<\/p>\n<p>\u201cEl otro d\u00eda escuch\u00e1bamos al ministro de econom\u00eda diciendo que este era un a\u00f1o eleccionario, ellos ganaron y siguen haciendo campa\u00f1a\u201d, se quej\u00f3 el titular de los estacioneros en di\u00e1logo con el programa radial Toma y Daca, y agreg\u00f3 que \u201ces una mentira, nadie se puede creer una cosa de esas como ir a tocarle el timbre a un vecino o pedirle una opini\u00f3n\u201d.<\/p>\n<p>\u201cYo digo que estamos peor que en 2016, porque lo que se agrav\u00f3 hoy es la p\u00e9rdida de la confianza con los acontecimientos que han sucedido \u00faltimamente\u201d, opin\u00f3 y estim\u00f3 que \u201cel mes de marzo va a ser dificil\u00edsimo\u201d.<\/p>\n<p>\u201cNo puede ser que el Gobierno no sepa que a la gente no le alcanza la plata, que estas pol\u00edticas van en contra de los intereses de los trabajadores\u201d, dijo e insisti\u00f3: \u201cson muy poquitos los que est\u00e1n disfrutando de esta situaci\u00f3n del pa\u00eds\u201d.<\/p>\n<p> <strong>Como m\u00ednimo vamos a pedir 20% de aumento por 6 meses<\/strong><\/p>\n<p>En cuanto a las medidas de fuerzas anunciadas desde la central obrera, confirm\u00f3 que \u201cel paro est\u00e1 lanzado, se va a cumplir y se va a cumplir la movilizaci\u00f3n del 7 de marzo\u201d.<\/p>\n<p>Por \u00faltimo en referencia al gremio que representa y a la negociaci\u00f3n paritaria, adelant\u00f3 que pedir\u00e1n un \u201c20% de aumento por 6 meses\u201d, subrayando que desde el sector no est\u00e1n dispuestos a acordar por el plazo de un a\u00f1o como pretende el Gobierno. \u201cSi no fuera necesario cambiar nada en 6 meses, quedar\u00e1 as\u00ed\u201d, indic\u00f3.<\/p>\n<p><strong>Reuni\u00f3n con el PJ<\/strong><\/p>\n<p>El presidente del Partido Justicialista (PJ), Jos\u00e9 Luis Gioja, recibir\u00e1 ma\u00f1ana a los integrantes del triunvirato que conduce la Confederaci\u00f3n General del Trabajo (CGT) y podr\u00eda anunciar su respaldo a la movilizaci\u00f3n sindical contra el gobierno, prevista para el 7 de marzo.<\/p>\n<p>\u201cEn su momento he dicho en forma personal que siempre iba a acompa\u00f1ar las luchas de los trabajadores, ante la inminencia de la movilizaci\u00f3n organizada por la CGT no me caben dudas que desde el partido adheriremos a la marcha\u201d, adelant\u00f3 Gioja, seg\u00fan informaron desde el PJ.<\/p>\n<p>La reuni\u00f3n entre los referentes del PJ y de la CGT se realizar\u00e1 ma\u00f1ana, a las 15, en la sede ubicada en la calle Matheu 130, de esta ciudad. Se prev\u00e9 la asistencia de H\u00e9ctor Daer, Juan Carlos Schmid y Carlos Acu\u00f1a, quienes componen el triunvirato que conduce la central obrera. Tambi\u00e9n se anunci\u00f3 la participaci\u00f3n de Andr\u00e9s Rodr\u00edguez y Jos\u00e9 Luis Lingeri, quienes adem\u00e1s de integrar el Secretariado de la CGT componen la conducci\u00f3n justicialista.<\/p>\n","protected":false},"excerpt":{"rendered":"<p>(Infobae) &#8211; El secretario General de los Obreros y Empleados de Estaciones de Servicio, Carlos Acu\u00f1a, una de las cabezas del triunvirato que dirige la Confederaci\u00f3n General del Trabajo (CGT), insisti\u00f3 en el marco de una entrevista radial con que \u201cel Gobierno tiene un rumbo equivocado\u201d y vaticin\u00f3 \u201cun mes de marzo dificil\u00edsimo\u201d para los [&hellip;]<\/p>\n","protected":false},"author":4,"featured_media":15017,"comment_status":"open","ping_status":"closed","sticky":false,"template":"","format":"standard","meta":{"om_disable_all_campaigns":false,"_jetpack_memberships_contains_paid_content":false,"footnotes":""},"categories":[3],"tags":[],"class_list":["post-15016","post","type-post","status-publish","format-standard","has-post-thumbnail","hentry","category-nacionales"],"aioseo_notices":[],"gutentor_comment":0,"jetpack_featured_media_url":"https:\/\/eldiariodesanpedro.com.ar\/sitio\/wp-content\/uploads\/2017\/02\/5411.jpg","jetpack_shortlink":"https:\/\/wp.me\/p6RhLt-3Uc","jetpack_sharing_enabled":true,"_links":{"self":[{"href":"https:\/\/eldiariodesanpedro.com.ar\/sitio\/wp-json\/wp\/v2\/posts\/15016","targetHints":{"allow":["GET"]}}],"collection":[{"href":"https:\/\/eldiariodesanpedro.com.ar\/sitio\/wp-json\/wp\/v2\/posts"}],"about":[{"href":"https:\/\/eldiariodesanpedro.com.ar\/sitio\/wp-json\/wp\/v2\/types\/post"}],"author":[{"embeddable":true,"href":"https:\/\/eldiariodesanpedro.com.ar\/sitio\/wp-json\/wp\/v2\/users\/4"}],"replies":[{"embeddable":true,"href":"https:\/\/eldiariodesanpedro.com.ar\/sitio\/wp-json\/wp\/v2\/comments?post=15016"}],"version-history":[{"count":1,"href":"https:\/\/eldiariodesanpedro.com.ar\/sitio\/wp-json\/wp\/v2\/posts\/15016\/revisions"}],"predecessor-version":[{"id":15018,"href":"https:\/\/eldiariodesanpedro.com.ar\/sitio\/wp-json\/wp\/v2\/posts\/15016\/revisions\/15018"}],"wp:featuredmedia":[{"embeddable":true,"href":"https:\/\/eldiariodesanpedro.com.ar\/sitio\/wp-json\/wp\/v2\/media\/15017"}],"wp:attachment":[{"href":"https:\/\/eldiariodesanpedro.com.ar\/sitio\/wp-json\/wp\/v2\/media?parent=15016"}],"wp:term":[{"taxonomy":"category","embeddable":true,"href":"https:\/\/eldiariodesanpedro.com.ar\/sitio\/wp-json\/wp\/v2\/categories?post=15016"},{"taxonomy":"post_tag","embeddable":true,"href":"https:\/\/eldiariodesanpedro.com.ar\/sitio\/wp-json\/wp\/v2\/tags?post=15016"}],"curies":[{"name":"wp","href":"https:\/\/api.w.org\/{rel}","templated":true}]}}